{"id":95259,"date":"2019-07-10T19:00:23","date_gmt":"2019-07-10T17:00:23","guid":{"rendered":"https:\/\/zjarr.tv\/?p=95259"},"modified":"2019-07-10T15:09:43","modified_gmt":"2019-07-10T13:09:43","slug":"studenti-nga-kosova-fiton-konkursin-nderkombetar-te-arkitektures","status":"publish","type":"post","link":"https:\/\/zjarr.tv\/sq\/studenti-nga-kosova-fiton-konkursin-nderkombetar-te-arkitektures\/","title":{"rendered":"Studenti nga Kosova fiton konkursin nd\u00ebrkomb\u00ebtar t\u00eb arkitektur\u00ebs"},"content":{"rendered":"<p><em>Nj\u00eb student kosovar \u00ebsht\u00eb fituesi i konkursit nd\u00ebrkomb\u00ebtar t\u00eb arkitektur\u00ebs s\u00eb zhvilluar n\u00eb Itali. Rron Bexheti rr\u00ebmbeu \u00e7mimin e par\u00eb s\u00eb bashku me dy student\u00eb t\u00eb tjer\u00eb t\u00eb universitetiy Lund t\u00eb Suedis\u00eb.<\/em><\/p>\n<p>Kosovari, Rron Bexheti, student n\u00eb Universitetin Lund t\u00eb Suedis\u00eb, \u00ebsht\u00eb fituesi i konkursit nd\u00ebrkomb\u00ebtar t\u00eb arkitektur\u00ebs &#8220;Sfida e jetes\u00ebs kolektive n\u00eb Rom\u00eb&#8221; 2019.<\/p>\n<p>Gjat\u00eb vitit 2018 me mij\u00ebra persona protestuan n\u00eb rrug\u00ebt e kryeqytetit italian ndaj munges\u00ebs s\u00eb politikave t\u00eb strehimit.<\/p>\n<p>Mjaft banor\u00eb u d\u00ebbuan nga sht\u00ebpit\u00eb q\u00eb kishin z\u00ebn\u00eb ilegalisht duke shtuar numrin e t\u00eb pastreh\u00ebve.<\/p>\n<p>P\u00ebr t\u00eb p\u00ebrballuar k\u00ebt\u00eb kriz\u00eb strehimi n\u00eb Rom\u00eb, u organizua konkursi nd\u00ebrkomb\u00ebtar &#8220;Sfida e jetes\u00ebs kolektive&#8221; i cili ftoi arkitekt\u00eb, projektues, student\u00eb e universitete nga e gjith\u00eb bota p\u00ebr t\u00eb realizuar projektin m\u00eb t\u00eb mir\u00eb p\u00ebr konceptin e nj\u00eb bashk\u00ebjetese t\u00eb p\u00ebrballueshme.<\/p>\n<p>Fituesi i k\u00ebtij konkursi arkitekture u shpall projekti i Universiteti Lund \u00a0n\u00eb Suedi me firm\u00ebn e 3 student\u00ebve t\u00eb arkitektur\u00ebs \u00a0kosovarin Rron Bexheti, Karin Frykholm dhe Lisa Fransson.<\/p>\n<p>Ky projekt parashikon nd\u00ebrtimin e banesave t\u00eb ardhshme n\u00eb Rom\u00eb p\u00ebrgjat\u00eb 19 km gjat\u00ebsi t\u00eb mureve Aurelian q\u00eb rrethojn\u00eb disa pjes\u00eb t\u00eb qytetit.<\/p>\n<p>Projekti synon t\u00eb zgjidh problemin e politikave t\u00eb strehimit e t\u00eb d\u00ebshmoj se ky mur historik \u00ebsht\u00eb i dobish\u00ebm p\u00ebr nj\u00eb t\u00eb mir\u00eb t\u00eb p\u00ebrbashk\u00ebt p\u00ebr banor\u00ebt e qytetit.<\/p>\n<p>&nbsp;<\/p>\n","protected":false},"excerpt":{"rendered":"<p>Nj\u00eb student kosovar \u00ebsht\u00eb fituesi i konkursit nd\u00ebrkomb\u00ebtar t\u00eb arkitektur\u00ebs s\u00eb zhvilluar n\u00eb Itali. Rron Bexheti rr\u00ebmbeu \u00e7mimin e par\u00eb s\u00eb bashku me dy student\u00eb t\u00eb tjer\u00eb t\u00eb universitetiy Lund t\u00eb Suedis\u00eb. Kosovari, Rron Bexheti, student n\u00eb Universitetin Lund t\u00eb Suedis\u00eb, \u00ebsht\u00eb fituesi i konkursit nd\u00ebrkomb\u00ebtar t\u00eb arkitektur\u00ebs &#8220;Sfida e jetes\u00ebs kolektive n\u00eb Rom\u00eb&#8221; 2019. [&hellip;]<\/p>\n","protected":false},"author":2013,"featured_media":95332,"comment_status":"open","ping_status":"closed","sticky":false,"template":"","format":"standard","meta":{"footnotes":""},"categories":[241,2],"tags":[],"class_list":{"0":"post-95259","1":"post","2":"type-post","3":"status-publish","4":"format-standard","5":"has-post-thumbnail","7":"category-aktualitet","8":"category-rajoni"},"_links":{"self":[{"href":"https:\/\/zjarr.tv\/sq\/wp-json\/wp\/v2\/posts\/95259","targetHints":{"allow":["GET"]}}],"collection":[{"href":"https:\/\/zjarr.tv\/sq\/wp-json\/wp\/v2\/posts"}],"about":[{"href":"https:\/\/zjarr.tv\/sq\/wp-json\/wp\/v2\/types\/post"}],"author":[{"embeddable":true,"href":"https:\/\/zjarr.tv\/sq\/wp-json\/wp\/v2\/users\/2013"}],"replies":[{"embeddable":true,"href":"https:\/\/zjarr.tv\/sq\/wp-json\/wp\/v2\/comments?post=95259"}],"version-history":[{"count":0,"href":"https:\/\/zjarr.tv\/sq\/wp-json\/wp\/v2\/posts\/95259\/revisions"}],"wp:featuredmedia":[{"embeddable":true,"href":"https:\/\/zjarr.tv\/sq\/wp-json\/wp\/v2\/media\/95332"}],"wp:attachment":[{"href":"https:\/\/zjarr.tv\/sq\/wp-json\/wp\/v2\/media?parent=95259"}],"wp:term":[{"taxonomy":"category","embeddable":true,"href":"https:\/\/zjarr.tv\/sq\/wp-json\/wp\/v2\/categories?post=95259"},{"taxonomy":"post_tag","embeddable":true,"href":"https:\/\/zjarr.tv\/sq\/wp-json\/wp\/v2\/tags?post=95259"}],"curies":[{"name":"wp","href":"https:\/\/api.w.org\/{rel}","templated":true}]}}