{"id":95334,"date":"2019-07-10T19:10:30","date_gmt":"2019-07-10T17:10:30","guid":{"rendered":"https:\/\/zjarr.tv\/?p=95334"},"modified":"2019-07-10T15:11:06","modified_gmt":"2019-07-10T13:11:06","slug":"unifikimi-diplomatik-tirane-prishtine-po-shqeteson-edhe-rusine","status":"publish","type":"post","link":"https:\/\/zjarr.tv\/sq\/unifikimi-diplomatik-tirane-prishtine-po-shqeteson-edhe-rusine\/","title":{"rendered":"Unifikimi diplomatik Tiran\u00eb-Prishtin\u00eb po shqet\u00ebson edhe Rusin\u00eb"},"content":{"rendered":"<p>Kosova dhe Shqip\u00ebria kan\u00eb nd\u00ebrmarr\u00eb hapat fillestar\u00eb drejt unifikimit t\u00eb misioneve diplomatike e konsullore. T\u00eb dy qeverit\u00eb kan\u00eb n\u00ebnshkruar nj\u00eb marr\u00ebveshje t\u00eb p\u00ebrbashk\u00ebt e cila p\u00ebrcakton ngritjen e \u201cGrupit Nd\u00ebr-Ministror p\u00ebr P\u00ebrfaq\u00ebsim t\u00eb P\u00ebrbashk\u00ebt Nd\u00ebrkomb\u00ebtar\u201d dhe \u201cK\u00ebshillin e P\u00ebrbashk\u00ebt p\u00ebr Planifikim Strategjik\u201d.<\/p>\n<p>Me k\u00ebt\u00eb marr\u00ebveshje, sipas zyrtar\u00ebve t\u00eb t\u00eb dyja vendeve, p\u00ebrcaktohen prioritetet afatgjata strategjike dhe bashk\u00ebrendimi i q\u00ebndrimeve politike n\u00eb aren\u00ebn nd\u00ebrkomb\u00ebtare. Nj\u00ebkoh\u00ebsisht p\u00ebrcaktohet edhe marrja e detyrimeve konkrete n\u00eb p\u00ebrfaq\u00ebsim t\u00eb nd\u00ebrsjell\u00eb n\u00eb aren\u00ebn nd\u00ebrkomb\u00ebtare, ve\u00e7an\u00ebrisht n\u00eb organizata nd\u00ebrkomb\u00ebtare.<\/p>\n<p>Jetlir Zyberaj, k\u00ebshilltar i Ministrit t\u00eb Jasht\u00ebm t\u00eb Kosov\u00ebs, Behxhet Pacolli, tha p\u00ebr Radion Evropa e Lir\u00eb, se kjo marr\u00ebveshje ka p\u00ebr q\u00ebllim shfryt\u00ebzimin e plot\u00eb t\u00eb mund\u00ebsive t\u00eb bashk\u00ebpunimit n\u00eb fush\u00ebn e politik\u00ebs s\u00eb jashtme.<\/p>\n<p>&#8220;Synimi \u00ebsht\u00eb ngritja dhe zhvillimi i mekanizmave t\u00eb p\u00ebrbashk\u00ebt t\u00eb veprimit politik, diplomatik dhe konsullor p\u00ebr t&#8217;i dh\u00ebn\u00eb nj\u00eb shtytje angazhimit t\u00eb nd\u00ebrsjell\u00eb n\u00eb politik\u00ebn e jashtme dhe p\u00ebr t\u00eb fuqizuar rolin e diplomacive tona n\u00eb aren\u00ebn nd\u00ebrkomb\u00ebtare&#8221;, tha Zyberaj.<\/p>\n<p>Ai tha se me marr\u00ebveshjen e n\u00ebnshkruar p\u00ebrfitimet do t\u00eb jen\u00eb t\u00eb dyanshme.<\/p>\n<p>&#8220;Marr\u00eb para sysh faktin se Kosova n\u00eb vazhdim ka nj\u00eb oponenc\u00eb t\u00eb fuqishme n\u00eb Republik\u00ebn e Serbis\u00eb, e mb\u00ebshtetur nga Rusia dhe vendet tjera mosnjoh\u00ebse t\u00eb Kosov\u00ebs, me an\u00eb t\u00eb k\u00ebsaj marr\u00ebveshjeje kemi b\u00ebr\u00eb hapa konkret q\u00eb t\u00eb ndihmojm\u00eb nj\u00ebra-tjetr\u00ebn n\u00eb avancimin e pozicionit ton\u00eb n\u00eb aren\u00ebn nd\u00ebrkomb\u00ebtare&#8221;, tha Zyberaj.<\/p>\n<p>Sipas zotimit t\u00eb shprehur nga t\u00eb dy qeverit\u00eb, asaj n\u00eb Prishtin\u00eb dhe asaj n\u00eb Tiran\u00eb, nga pik\u00ebpamja diplomatike marr\u00ebveshja inicion fillimin e pun\u00ebs teknike p\u00ebr ngritjen e \u201cFondit t\u00eb P\u00ebrbashk\u00ebt p\u00ebr Menaxhimin, Ngritjen dhe Zhvillimin e Ambasadave, Misioneve dhe Konsullatave\u201d me q\u00ebllim t\u00eb krijimit t\u00eb hap\u00ebsirave p\u00ebr p\u00ebrdorim t\u00eb p\u00ebrbashk\u00ebt nga Republika e Kosov\u00ebs dhe Republika e Shqip\u00ebris\u00eb.<\/p>\n<p>Po ashtu marr\u00ebveshja parasheh edhe shk\u00ebmbimin e personelit diplomatik t\u00eb Republik\u00ebs s\u00eb Kosov\u00ebs dhe Republik\u00ebs s\u00eb Shqip\u00ebris\u00eb n\u00eb p\u00ebrfaq\u00ebsit\u00eb e nj\u00ebra-tjetr\u00ebs, anek\u00ebnd globit. Me marr\u00ebveshje parashihet q\u00eb n\u00eb Akademit\u00eb Diplomatike p\u00ebrkat\u00ebse t\u00eb fillojn\u00eb pun\u00ebn p\u00ebr krijimin e nj\u00eb programi trajnimi t\u00eb p\u00ebrbashk\u00ebt, si dhe pik\u00ebpamja e diplomacis\u00eb kulturore.<\/p>\n<p>Ministri n\u00eb Detyr\u00eb p\u00ebr Evrop\u00ebn dhe Pun\u00ebt e Jashtme t\u00eb Shqip\u00ebris\u00eb Gent Cakaj, n\u00eb nj\u00eb konferenc\u00eb t\u00eb p\u00ebrbashk\u00ebt p\u00ebr media me ministrin e Jasht\u00ebm t\u00eb Republik\u00ebs s\u00eb Kosov\u00ebs t\u00eb mbajtur m\u00eb 2 korrik, tha se kjo marr\u00ebveshje hap nj\u00eb kapitull krejt\u00ebsisht t\u00eb ri t\u00eb bashk\u00ebpunimit n\u00eb fush\u00ebn e politik\u00ebs s\u00eb jashtme midis Republik\u00ebs s\u00eb Kosov\u00ebs dhe Republik\u00ebs s\u00eb Shqip\u00ebris\u00eb.<\/p>\n<p>&#8220;Ky zhvillim sh\u00ebnon rritje t\u00eb pranis\u00eb ton\u00eb diplomacis\u00eb, avancim t\u00eb kapaciteteve tona t\u00eb p\u00ebrbashk\u00ebta dhe gjithsesi nj\u00eb p\u00ebrafrim m\u00eb t\u00eb madh midis Kosov\u00ebs e Shqip\u00ebris\u00eb&#8221;, ka deklaruar Cakaj.<\/p>\n<p>Ish-ambasadori i Kosov\u00ebs n\u00eb Austri dhe n\u00eb Australi, Sabri Ki\u00e7mari, thot\u00eb p\u00ebr Radion Evropa e Lir\u00eb se marr\u00ebveshjet e tilla jan\u00eb normale dhe u sh\u00ebrbejn\u00eb shteteve p\u00ebrkat\u00ebse. Ai tha se ky veprim \u00ebsht\u00eb normal dhe nj\u00eb nisme e till\u00eb ndihmon n\u00eb zhvillimin e m\u00ebtejme t\u00eb politik\u00ebs s\u00eb jashtme.<\/p>\n<p>&#8220;Natyrisht, q\u00eb diplomacia nd\u00ebrkomb\u00ebtare e ka t\u00eb qart\u00eb se fjala \u00ebsht\u00eb p\u00ebr nj\u00eb bashk\u00ebpunim nd\u00ebrshtet\u00ebror midis dy vendeve, sigurisht duke ruajtur premisat e qarta dhe prerogativat e qarta shtet\u00ebrore t\u00eb t\u00eb dy vendeve. Nuk \u00ebsht\u00eb fjala p\u00ebr \u2018Shqip\u00ebri t\u00eb Madhe\u2019 e as \u2018t\u00eb vog\u00ebl\u2019, por \u00ebsht\u00eb fjala p\u00ebr bashk\u00ebpunim n\u00eb fush\u00ebn e politik\u00ebs s\u00eb jashtme n\u00eb mes t\u00eb dy vendeve q\u00eb jan\u00eb vende v\u00ebllaz\u00ebrore mes tyre dhe \u00ebsht\u00eb praktik\u00eb normale nd\u00ebrkomb\u00ebtare dhe e quaj nj\u00eb gj\u00eb t\u00eb p\u00ebrparuar&#8221;, tha Ki\u00e7mari.<\/p>\n<p>Por, ndaj nism\u00ebs p\u00ebr unifikimin diplomatik e konsullor t\u00eb Kosov\u00ebs e Shqip\u00ebris\u00eb kan\u00eb reaguar Serbia dhe Rusia. T\u00eb dy k\u00ebto vende q\u00eb njihen edhe si kund\u00ebrshtare t\u00eb fuqishme t\u00eb pavar\u00ebsis\u00eb s\u00eb Kosov\u00ebs, marr\u00ebveshjen e kan\u00eb cil\u00ebsuar si hap drejt realizimit t\u00eb synimeve p\u00ebr, si\u00e7 thuhet, \u201cShqip\u00ebrin\u00eb e Madhe\u201d.<\/p>\n<p>N\u00eb nj\u00eb deklarat\u00eb t\u00eb Ministris\u00eb ruse t\u00eb Pun\u00ebve t\u00eb Jashtme, thuhet se hapa t\u00eb till\u00eb n\u00eb Prishtin\u00eb dhe Tiran\u00eb shkaktojn\u00eb shqet\u00ebsim serioz.<\/p>\n<p>\u201cHapat provokues t\u00eb Tiran\u00ebs dhe Prishtin\u00ebs, t\u00eb cilat jan\u00eb n\u00eb harmoni me zbatimin e konceptit t\u00eb \u2018Shqip\u00ebris\u00eb s\u00eb Madhe\u2019, paraqesin shqet\u00ebsim serioz. Ne konsiderojm\u00eb se marr\u00ebveshje Kosov\u00eb \u2013 Shqip\u00ebri p\u00ebr unifikimin e misioneve diplomatike n\u00eb vende t\u00eb treta, e n\u00ebnshkruar m\u00eb 2 korrik t\u00eb k\u00ebtij viti, \u00ebsht\u00eb n\u00eb k\u00ebt\u00eb kontekst\u201d, theksohet n\u00eb reagimin e Mosk\u00ebs.<\/p>\n<p>\u201cNe t\u00ebrheqim v\u00ebrejtjen se veprimet provokuese t\u00eb Prishtin\u00ebs dhe Tiran\u00ebs nuk jan\u00eb t\u00eb rast\u00ebsishme. P\u00ebr disa vjet rresht, prej atje jan\u00eb d\u00ebgjuar deklarata rreth integrimit \u2018de facto\u2019. Kjo linj\u00eb e udh\u00ebheqjes n\u00eb Shqip\u00ebri dhe n\u00eb Kosov\u00eb bie ndesh me Rezolut\u00ebn 12 44 t\u00eb K\u00ebshillit t\u00eb Sigurimit t\u00eb Kombeve t\u00eb Bashkuara, minon dialogun midis Beogradit dhe Prishtin\u00ebs me nd\u00ebrmjet\u00ebsimin e BE-s\u00eb dhe k\u00ebrc\u00ebnon stabilitetin n\u00eb Ballkan\u201d, theksohet n\u00eb reagimin rus.<\/p>\n<p>\u201cNe d\u00ebshirojm\u00eb t\u00eb theksojm\u00eb se Shtetet e Bashkuara dhe Bashkimi Evropian preferojn\u00eb t\u00eb mos reagojn\u00eb ndaj l\u00ebvizjeve t\u00eb tilla shkat\u00ebrruese, duke inkurajuar n\u00eb t\u00eb v\u00ebrtet\u00eb mendimin e \u2018Shqip\u00ebris\u00eb s\u00eb Madhe\u2019 q\u00eb \u00ebsht\u00eb e d\u00ebmshme p\u00ebr rajonin\u201d, thuhet n\u00eb deklarat\u00ebn e Mosk\u00ebs zyrtare.<\/p>\n<p>Edhe ministri i Jasht\u00ebm i Serbis\u00eb, Ivica Da\u00e7iq e ka cil\u00ebsuar marr\u00ebveshjen p\u00ebr bashk\u00ebpunim n\u00eb politik\u00ebn e jashtme t\u00eb Prishtin\u00ebs dhe Tiran\u00ebs si p\u00ebrpjekje p\u00ebr krijimin e nj\u00eb \u201cShqip\u00ebrie t\u00eb Madhe\u201d. Kryediplomati serb ka pyetur se \u00e7ka do t\u00eb ndodhte n\u00ebse Serbia do t\u00eb n\u00ebnshkruante nj\u00eb marr\u00ebveshje t\u00eb ngjashme me Republik\u00ebn Serbe. Sipas tij, edhe Serbia dhe Republika Serbe mund t\u00eb veprojn\u00eb nj\u00ebsoj sikurse Prishtina dhe Tirana, kur b\u00ebhet fjal\u00eb p\u00ebr politik\u00ebn e jashtme.<\/p>\n<p>Nisur nga k\u00ebto reagime, ministri i Pun\u00ebve t\u00eb Jashtme i Kosov\u00ebs, Behxhet Pacolli ka th\u00ebn\u00eb se \u201cSerbia apo dikush tjet\u00ebr nuk duhet t\u00eb shqet\u00ebsohet kur dy vende fqinje kan\u00eb bashk\u00ebpunim t\u00eb fort\u00eb dhe t\u00eb ngusht\u00eb, por kur nj\u00eb fqinj tjet\u00ebr e bashkon politik\u00ebn e tij t\u00eb jashtme me akter\u00eb tjer\u00eb t\u00eb pal\u00ebve t\u00eb treta, t\u00eb cil\u00ebt nuk kan\u00eb vend n\u00eb rajonin ton\u00eb. At\u00ebher\u00eb ky \u00ebsht\u00eb shqet\u00ebsim p\u00ebr stabilitetin ton\u00eb rajonal, jo p\u00ebr bashk\u00ebpunimin&#8221;, ka shkruar Pacolli n\u00eb Twitter.<\/p>\n<p>Ndryshe, nisma p\u00ebr unifikimin e misioneve, apo disa misioneve diplomatike e konsullore nd\u00ebrmjet Kosov\u00ebs dhe Shqip\u00ebris\u00eb daton q\u00eb nga shpallja e pavar\u00ebsis\u00eb s\u00eb Kosov\u00ebs.\/REL\/<\/p>\n<p>&nbsp;<\/p>\n","protected":false},"excerpt":{"rendered":"<p>Kosova dhe Shqip\u00ebria kan\u00eb nd\u00ebrmarr\u00eb hapat fillestar\u00eb drejt unifikimit t\u00eb misioneve diplomatike e konsullore. T\u00eb dy qeverit\u00eb kan\u00eb n\u00ebnshkruar nj\u00eb marr\u00ebveshje t\u00eb p\u00ebrbashk\u00ebt e cila p\u00ebrcakton ngritjen e \u201cGrupit Nd\u00ebr-Ministror p\u00ebr P\u00ebrfaq\u00ebsim t\u00eb P\u00ebrbashk\u00ebt Nd\u00ebrkomb\u00ebtar\u201d dhe \u201cK\u00ebshillin e P\u00ebrbashk\u00ebt p\u00ebr Planifikim Strategjik\u201d. Me k\u00ebt\u00eb marr\u00ebveshje, sipas zyrtar\u00ebve t\u00eb t\u00eb dyja vendeve, p\u00ebrcaktohen prioritetet afatgjata strategjike [&hellip;]<\/p>\n","protected":false},"author":2013,"featured_media":95335,"comment_status":"open","ping_status":"closed","sticky":false,"template":"","format":"standard","meta":{"footnotes":""},"categories":[241,2],"tags":[],"class_list":{"0":"post-95334","1":"post","2":"type-post","3":"status-publish","4":"format-standard","5":"has-post-thumbnail","7":"category-aktualitet","8":"category-rajoni"},"_links":{"self":[{"href":"https:\/\/zjarr.tv\/sq\/wp-json\/wp\/v2\/posts\/95334","targetHints":{"allow":["GET"]}}],"collection":[{"href":"https:\/\/zjarr.tv\/sq\/wp-json\/wp\/v2\/posts"}],"about":[{"href":"https:\/\/zjarr.tv\/sq\/wp-json\/wp\/v2\/types\/post"}],"author":[{"embeddable":true,"href":"https:\/\/zjarr.tv\/sq\/wp-json\/wp\/v2\/users\/2013"}],"replies":[{"embeddable":true,"href":"https:\/\/zjarr.tv\/sq\/wp-json\/wp\/v2\/comments?post=95334"}],"version-history":[{"count":0,"href":"https:\/\/zjarr.tv\/sq\/wp-json\/wp\/v2\/posts\/95334\/revisions"}],"wp:featuredmedia":[{"embeddable":true,"href":"https:\/\/zjarr.tv\/sq\/wp-json\/wp\/v2\/media\/95335"}],"wp:attachment":[{"href":"https:\/\/zjarr.tv\/sq\/wp-json\/wp\/v2\/media?parent=95334"}],"wp:term":[{"taxonomy":"category","embeddable":true,"href":"https:\/\/zjarr.tv\/sq\/wp-json\/wp\/v2\/categories?post=95334"},{"taxonomy":"post_tag","embeddable":true,"href":"https:\/\/zjarr.tv\/sq\/wp-json\/wp\/v2\/tags?post=95334"}],"curies":[{"name":"wp","href":"https:\/\/api.w.org\/{rel}","templated":true}]}}