{"id":95337,"date":"2019-07-10T19:20:44","date_gmt":"2019-07-10T17:20:44","guid":{"rendered":"https:\/\/zjarr.tv\/?p=95337"},"modified":"2019-07-10T15:12:10","modified_gmt":"2019-07-10T13:12:10","slug":"aksioni-per-lojerat-e-fatit-ne-gjakove-8-te-arrestuar","status":"publish","type":"post","link":"https:\/\/zjarr.tv\/sq\/aksioni-per-lojerat-e-fatit-ne-gjakove-8-te-arrestuar\/","title":{"rendered":"Aksioni p\u00ebr loj\u00ebrat e fatit n\u00eb Gjakov\u00eb, 8 t\u00eb arrestuar"},"content":{"rendered":"<p>Policia e Kosov\u00ebs mbr\u00ebm\u00eb zhvilloi nj\u00eb aksion n\u00eb n\u00ebnt\u00eb lokacione t\u00eb ndryshme n\u00eb Gjakov\u00eb ku po zhvillohej veprimtari e kund\u00ebrligjshme e loj\u00ebrave t\u00eb fatit, t\u00eb cilat koh\u00eb m\u00eb par\u00eb jan\u00eb ndaluar me ligj.<\/p>\n<p>Policia ka arrestuar tet\u00eb t\u00eb dyshuar I. B. 43-vje\u00e7, B. M. 26-vje\u00e7, V. P. 38-vje\u00e7, A. Sh. 30-vje\u00e7, E. N. 31-vje\u00e7, J. B. 39-vje\u00e7, L. A. 27-vje\u00e7 dhe G.A. 30-vje\u00e7.<\/p>\n<p>Si prova materiale p\u00ebrkoh\u00ebsisht jan\u00eb sekuestruar d\u00ebshmi relevant\u00eb q\u00eb do p\u00ebrdoren n\u00eb procedura t\u00eb m\u00ebvonshme gjyq\u00ebsore.<\/p>\n<p>T\u00eb dyshuarit, pas intervist\u00ebs, me vendim t\u00eb prokurorit t\u00eb Prokuroris\u00eb Themelore t\u00eb Gjakov\u00ebs jan\u00eb d\u00ebrguar n\u00eb mbajtje deri n\u00eb 48 or\u00eb.<\/p>\n<p>&nbsp;<\/p>\n","protected":false},"excerpt":{"rendered":"<p>Policia e Kosov\u00ebs mbr\u00ebm\u00eb zhvilloi nj\u00eb aksion n\u00eb n\u00ebnt\u00eb lokacione t\u00eb ndryshme n\u00eb Gjakov\u00eb ku po zhvillohej veprimtari e kund\u00ebrligjshme e loj\u00ebrave t\u00eb fatit, t\u00eb cilat koh\u00eb m\u00eb par\u00eb jan\u00eb ndaluar me ligj. Policia ka arrestuar tet\u00eb t\u00eb dyshuar I. B. 43-vje\u00e7, B. M. 26-vje\u00e7, V. P. 38-vje\u00e7, A. Sh. 30-vje\u00e7, E. N. 31-vje\u00e7, J. [&hellip;]<\/p>\n","protected":false},"author":2013,"featured_media":95338,"comment_status":"open","ping_status":"closed","sticky":false,"template":"","format":"standard","meta":{"footnotes":""},"categories":[241,2],"tags":[],"class_list":{"0":"post-95337","1":"post","2":"type-post","3":"status-publish","4":"format-standard","5":"has-post-thumbnail","7":"category-aktualitet","8":"category-rajoni"},"_links":{"self":[{"href":"https:\/\/zjarr.tv\/sq\/wp-json\/wp\/v2\/posts\/95337","targetHints":{"allow":["GET"]}}],"collection":[{"href":"https:\/\/zjarr.tv\/sq\/wp-json\/wp\/v2\/posts"}],"about":[{"href":"https:\/\/zjarr.tv\/sq\/wp-json\/wp\/v2\/types\/post"}],"author":[{"embeddable":true,"href":"https:\/\/zjarr.tv\/sq\/wp-json\/wp\/v2\/users\/2013"}],"replies":[{"embeddable":true,"href":"https:\/\/zjarr.tv\/sq\/wp-json\/wp\/v2\/comments?post=95337"}],"version-history":[{"count":0,"href":"https:\/\/zjarr.tv\/sq\/wp-json\/wp\/v2\/posts\/95337\/revisions"}],"wp:featuredmedia":[{"embeddable":true,"href":"https:\/\/zjarr.tv\/sq\/wp-json\/wp\/v2\/media\/95338"}],"wp:attachment":[{"href":"https:\/\/zjarr.tv\/sq\/wp-json\/wp\/v2\/media?parent=95337"}],"wp:term":[{"taxonomy":"category","embeddable":true,"href":"https:\/\/zjarr.tv\/sq\/wp-json\/wp\/v2\/categories?post=95337"},{"taxonomy":"post_tag","embeddable":true,"href":"https:\/\/zjarr.tv\/sq\/wp-json\/wp\/v2\/tags?post=95337"}],"curies":[{"name":"wp","href":"https:\/\/api.w.org\/{rel}","templated":true}]}}