{"id":95426,"date":"2019-07-10T17:10:18","date_gmt":"2019-07-10T15:10:18","guid":{"rendered":"https:\/\/zjarr.tv\/?p=95426"},"modified":"2019-07-10T17:10:18","modified_gmt":"2019-07-10T15:10:18","slug":"collaku-pa-rrezimin-e-rames-ne-tirane-nuk-rrezohet-rreziku-i-ndarjes-se-kosoves","status":"publish","type":"post","link":"https:\/\/zjarr.tv\/sq\/collaku-pa-rrezimin-e-rames-ne-tirane-nuk-rrezohet-rreziku-i-ndarjes-se-kosoves\/","title":{"rendered":"\u00c7ollaku: Pa rr\u00ebzimin e Ram\u00ebs n\u00eb Tiran\u00eb, nuk rr\u00ebzohet &#8216;rreziku i ndarjes s\u00eb Kosov\u00ebs&#8217;"},"content":{"rendered":"<p>Ish-z\u00ebvend\u00ebsministri i Pun\u00ebve t\u00eb Jashtme, Kreshnik \u00c7ollaku, i nxitur nga p\u00ebrgjimet e publikuara nj\u00eb dit\u00eb m\u00eb par\u00eb t\u00eb Kryeministrit maqedonas Zoran Zaev, shprehet se kryeministri Edi Rama u mb\u00ebshtet me nj\u00eb q\u00ebllim t\u00eb caktuar, p\u00ebr t\u00eb ndar\u00eb Kosov\u00ebn.<\/p>\n<p>N\u00eb nj\u00eb postim t\u00eb tijin n\u00eb rrjetet sociale, an\u00ebtari i Kryesis\u00eb s\u00eb PD-s\u00eb shprehet se pa rr\u00ebzimin e Ram\u00ebs n\u00eb Tiran\u00eb, nuk rr\u00ebzohet \u201crreziku i ndarjes s\u00eb Kosov\u00ebs\u201d.<\/p>\n<p>Ja \u00e7far\u00eb shkruan \u00c7ollaku:<\/p>\n<p>&#8220;Mb\u00ebshtet\u00ebn Ram\u00ebn, p\u00ebr t\u00eb ndar\u00eb Kosov\u00ebn.<\/p>\n<p>Se \u00e7far\u00eb po ndodh n\u00eb Ballkan e me shqiptar\u00ebt&#8230;,kupton m\u00eb shum\u00eb nga telefonata e Zaevit me disa komedian\u00eb rus\u00eb se sa nga gjith\u00eb deklaratat e ambasador\u00ebve dhe euroburokrat\u00ebve q\u00eb\u00a0 shkojn\u00eb vijne e rrin\u00eb n\u00eb Tiran\u00eb.<\/p>\n<p>Telefonata e Zavit \u00ebsht\u00eb shpjegues i mir\u00eb p\u00ebr q\u00ebndrimet e \u201c\u00e7uditshme\u201d t\u00eb shum\u00eb diplomat\u00ebve n\u00eb Tiran\u00eb, n\u00eb krah t\u00eb qeveris\u00eb Rama.<\/p>\n<p>Th\u00ebn\u00eb tro\u00e7, pa rr\u00ebzimin e Ram\u00ebs n\u00eb Tiran\u00eb&#8230;nuk rr\u00ebzohet \u201crreziku i Ndarjes s\u00eb Kosov\u00ebs\u201d!!!&#8221;<\/p>\n<p>&nbsp;<\/p>\n","protected":false},"excerpt":{"rendered":"<p>Ish-z\u00ebvend\u00ebsministri i Pun\u00ebve t\u00eb Jashtme, Kreshnik \u00c7ollaku, i nxitur nga p\u00ebrgjimet e publikuara nj\u00eb dit\u00eb m\u00eb par\u00eb t\u00eb Kryeministrit maqedonas Zoran Zaev, shprehet se kryeministri Edi Rama u mb\u00ebshtet me nj\u00eb q\u00ebllim t\u00eb caktuar, p\u00ebr t\u00eb ndar\u00eb Kosov\u00ebn. N\u00eb nj\u00eb postim t\u00eb tijin n\u00eb rrjetet sociale, an\u00ebtari i Kryesis\u00eb s\u00eb PD-s\u00eb shprehet se pa rr\u00ebzimin [&hellip;]<\/p>\n","protected":false},"author":2013,"featured_media":82299,"comment_status":"open","ping_status":"closed","sticky":false,"template":"","format":"standard","meta":{"footnotes":""},"categories":[241,235],"tags":[],"class_list":{"0":"post-95426","1":"post","2":"type-post","3":"status-publish","4":"format-standard","5":"has-post-thumbnail","7":"category-aktualitet","8":"category-vendi"},"_links":{"self":[{"href":"https:\/\/zjarr.tv\/sq\/wp-json\/wp\/v2\/posts\/95426","targetHints":{"allow":["GET"]}}],"collection":[{"href":"https:\/\/zjarr.tv\/sq\/wp-json\/wp\/v2\/posts"}],"about":[{"href":"https:\/\/zjarr.tv\/sq\/wp-json\/wp\/v2\/types\/post"}],"author":[{"embeddable":true,"href":"https:\/\/zjarr.tv\/sq\/wp-json\/wp\/v2\/users\/2013"}],"replies":[{"embeddable":true,"href":"https:\/\/zjarr.tv\/sq\/wp-json\/wp\/v2\/comments?post=95426"}],"version-history":[{"count":0,"href":"https:\/\/zjarr.tv\/sq\/wp-json\/wp\/v2\/posts\/95426\/revisions"}],"wp:featuredmedia":[{"embeddable":true,"href":"https:\/\/zjarr.tv\/sq\/wp-json\/wp\/v2\/media\/82299"}],"wp:attachment":[{"href":"https:\/\/zjarr.tv\/sq\/wp-json\/wp\/v2\/media?parent=95426"}],"wp:term":[{"taxonomy":"category","embeddable":true,"href":"https:\/\/zjarr.tv\/sq\/wp-json\/wp\/v2\/categories?post=95426"},{"taxonomy":"post_tag","embeddable":true,"href":"https:\/\/zjarr.tv\/sq\/wp-json\/wp\/v2\/tags?post=95426"}],"curies":[{"name":"wp","href":"https:\/\/api.w.org\/{rel}","templated":true}]}}