{"id":95428,"date":"2019-07-10T17:11:37","date_gmt":"2019-07-10T15:11:37","guid":{"rendered":"https:\/\/zjarr.tv\/?p=95428"},"modified":"2019-07-10T17:11:37","modified_gmt":"2019-07-10T15:11:37","slug":"vettingu-ne-polici-nis-ne-gusht-hodaj-faza-e-pare-do-zgjase-deri-ne-fillim-te-qershorit-2020","status":"publish","type":"post","link":"https:\/\/zjarr.tv\/sq\/vettingu-ne-polici-nis-ne-gusht-hodaj-faza-e-pare-do-zgjase-deri-ne-fillim-te-qershorit-2020\/","title":{"rendered":"Vettingu n\u00eb polici nis n\u00eb gusht, Hodaj: Faza e par\u00eb do zgjas\u00eb deri n\u00eb fillim t\u00eb qershorit 2020"},"content":{"rendered":"<p>Vettingu n\u00eb Policin\u00eb e Shtetit pritet t\u00eb filloj\u00eb jav\u00ebn e par\u00eb t\u00eb gushtit me 245 drejtuesit e par\u00eb me funksione dhe grada t\u00eb larta.<\/p>\n<p>T\u00eb par\u00ebt para sit\u00ebs s\u00eb vettingut do t\u00eb dalin drejtori i p\u00ebrgjithsh\u00ebm Ardi Veliu, e m\u00eb pas me zv\/drejtorja Aida Hajnaj, dhe m\u00eb pas drejtor\u00ebt e drejtorive n\u00eb qend\u00ebr. Zv.ministri i Brendsh\u00ebm Julian Hodaj, tha se faza e par\u00eb p\u00ebr 245 drejtuesit me funksione dhe grada t\u00eb larta do zgjas\u00eb deri rreth 1 vit.<\/p>\n<p><strong>Hodaj:<\/strong>\u00a0<em>Ne shpresojm\u00eb q\u00eb n\u00eb fillim t\u00eb gushtit t\u00eb fillojn\u00eb seancat e para, por gjithsesi kjo nuk duhet marr\u00eb si absolute. Sipas ligjit n\u00eb dit\u00ebt e para t\u00eb qershorit t\u00eb 2020 ky proces duhet t\u00eb ket\u00eb p\u00ebrfunduar.<\/em><\/p>\n<p>Ashtu si\u00e7 e parashikon dhe ligji i Policis\u00eb s\u00eb Shtetit, efektiv\u00ebt t\u00eb cil\u00ebt nuk do kalojn\u00eb vettingun nuk do ken\u00eb mund\u00ebsi t\u00eb rikthehen n\u00eb radh\u00ebt e bluve nd\u00ebrsa vendet bosh do t\u00eb mbushen me prurjet nga akademia e policis\u00eb.<\/p>\n<p><strong>Hodaj:<\/strong>\u00a0<em>Ne kemi parashikuar nj\u00eb mas\u00eb m\u00eb t\u00eb but\u00eb q\u00eb nuk \u00ebsht\u00eb p\u00ebrjashtimi. Kemi menduar q\u00eb n\u00ebse dikush, edhe k\u00ebt\u00eb e parashikon edhe ligji, n\u00ebse dikush ka integritet dhe justifikon edhe pasurit\u00eb, n\u00ebse ka mang\u00ebsi n\u00eb pjes\u00ebn profesionale, mund t\u00eb riedukohet, riformohet tek akademia e siguris\u00eb dhe mund t\u00eb sh\u00ebrbej\u00eb n\u00eb Policin\u00eb e Shtetit.<\/em><\/p>\n<p>Rreth 13 mij\u00eb efektiv\u00eb policie pritet t\u00eb kalojn\u00eb n\u00eb filtrat e vettingut, proces q\u00eb do t\u00eb kryhet n\u00eb pallatin e kongreseve, n\u00eb sallat ku po kalojn\u00eb n\u00eb sit\u00eb dhe njer\u00ebzit e drejt\u00ebsis\u00eb. Vler\u00ebsimi n\u00eb faz\u00ebn e par\u00eb do t\u00eb b\u00ebhet nga nj\u00eb Komisioni i jasht\u00ebm i p\u00ebrb\u00ebr\u00eb prej 15 personash, q\u00eb do t\u00eb ndahen n\u00eb tri grupe, nd\u00ebrsa faza e dyt\u00eb dhe e tret\u00eb do t\u00eb zhvillohen nga Sh\u00ebrbimi p\u00ebr \u00c7\u00ebshtjet e Brendshme dhe Ankesave.<\/p>\n<p>&nbsp;<\/p>\n","protected":false},"excerpt":{"rendered":"<p>Vettingu n\u00eb Policin\u00eb e Shtetit pritet t\u00eb filloj\u00eb jav\u00ebn e par\u00eb t\u00eb gushtit me 245 drejtuesit e par\u00eb me funksione dhe grada t\u00eb larta. T\u00eb par\u00ebt para sit\u00ebs s\u00eb vettingut do t\u00eb dalin drejtori i p\u00ebrgjithsh\u00ebm Ardi Veliu, e m\u00eb pas me zv\/drejtorja Aida Hajnaj, dhe m\u00eb pas drejtor\u00ebt e drejtorive n\u00eb qend\u00ebr. Zv.ministri i [&hellip;]<\/p>\n","protected":false},"author":2013,"featured_media":72756,"comment_status":"open","ping_status":"closed","sticky":false,"template":"","format":"standard","meta":{"footnotes":""},"categories":[241,235],"tags":[],"class_list":{"0":"post-95428","1":"post","2":"type-post","3":"status-publish","4":"format-standard","5":"has-post-thumbnail","7":"category-aktualitet","8":"category-vendi"},"_links":{"self":[{"href":"https:\/\/zjarr.tv\/sq\/wp-json\/wp\/v2\/posts\/95428","targetHints":{"allow":["GET"]}}],"collection":[{"href":"https:\/\/zjarr.tv\/sq\/wp-json\/wp\/v2\/posts"}],"about":[{"href":"https:\/\/zjarr.tv\/sq\/wp-json\/wp\/v2\/types\/post"}],"author":[{"embeddable":true,"href":"https:\/\/zjarr.tv\/sq\/wp-json\/wp\/v2\/users\/2013"}],"replies":[{"embeddable":true,"href":"https:\/\/zjarr.tv\/sq\/wp-json\/wp\/v2\/comments?post=95428"}],"version-history":[{"count":0,"href":"https:\/\/zjarr.tv\/sq\/wp-json\/wp\/v2\/posts\/95428\/revisions"}],"wp:featuredmedia":[{"embeddable":true,"href":"https:\/\/zjarr.tv\/sq\/wp-json\/wp\/v2\/media\/72756"}],"wp:attachment":[{"href":"https:\/\/zjarr.tv\/sq\/wp-json\/wp\/v2\/media?parent=95428"}],"wp:term":[{"taxonomy":"category","embeddable":true,"href":"https:\/\/zjarr.tv\/sq\/wp-json\/wp\/v2\/categories?post=95428"},{"taxonomy":"post_tag","embeddable":true,"href":"https:\/\/zjarr.tv\/sq\/wp-json\/wp\/v2\/tags?post=95428"}],"curies":[{"name":"wp","href":"https:\/\/api.w.org\/{rel}","templated":true}]}}