{"id":95449,"date":"2019-07-10T18:50:04","date_gmt":"2019-07-10T16:50:04","guid":{"rendered":"https:\/\/zjarr.tv\/?p=95449"},"modified":"2019-07-10T17:51:33","modified_gmt":"2019-07-10T15:51:33","slug":"gjermania-mberthen-bandat-shqiptare-hetime-per-goditjen-e-tyre","status":"publish","type":"post","link":"https:\/\/zjarr.tv\/sq\/gjermania-mberthen-bandat-shqiptare-hetime-per-goditjen-e-tyre\/","title":{"rendered":"Gjermania \u201cmb\u00ebrthen\u201d bandat shqiptare, hetime p\u00ebr goditjen e tyre"},"content":{"rendered":"<p>Drejtori i P\u00ebrgjithsh\u00ebm i Policis\u00eb s\u00eb Shtetit, Ardi Veliu, priti n\u00eb nj\u00eb takim Zv\/Presidentin e Policis\u00eb Federale Kriminale Gjermane, Peter Henzler.<\/p>\n<p>Forcimi i m\u00ebtejsh\u00ebm i bashk\u00ebpunimit n\u00eb luft\u00ebn kund\u00ebr krimit t\u00eb organizuar nd\u00ebrkomb\u00ebtar, mb\u00ebshtetja e projektit \u201cORKA\u201d p\u00ebr identifikimin dhe goditjen e aktivitetit kriminal midis grupeve shqiptare dhe rezident\u00ebve gjerman\u00eb, si dhe konfiskimi i pasurive t\u00eb paligjshme, ishte fokusi kryesor i takimit.<\/p>\n<p>Gjat\u00eb takimit, Veliu vler\u00ebsoi bashk\u00ebpunimin e shk\u00eblqyer mes dy policive nd\u00ebr vite, n\u00eb kuad\u00ebr t\u00eb luft\u00ebs kund\u00ebr krimit t\u00eb organizuar n\u00eb t\u00ebr\u00ebsi, n\u00ebnvizuar si t\u00eb vyer ndihm\u00ebn dhe mb\u00ebshtetjen e dh\u00ebn\u00eb Policis\u00eb Shqiptare n\u00eb lidhje me trajnimet e ofruara, p\u00ebr rritjen profesionale dhe t\u00eb kapaciteteve t\u00eb burimeve njer\u00ebzore n\u00eb Policin\u00eb e Shtetit, shk\u00ebmbimin e informacionit n\u00eb koh\u00eb reale n\u00ebp\u00ebrmjet kanaleve zyrtare t\u00eb komunikimit Interpol\/Europol, ndihm\u00ebn p\u00ebr hetimin e p\u00ebrbashk\u00ebt t\u00eb disa grupeve kriminale me aktivitet kriminal n\u00eb t\u00eb dyja vendet tona, bashk\u00ebpunimin intensiv me oficerin e kontaktit gjerman n\u00eb Shqip\u00ebri, Herbert Massen dhe ndihm\u00ebn p\u00ebr ngritjen e Task-Forc\u00ebs \u201cAntiskifter\u201d.<\/p>\n<p>Henzler theksoi se: \u201cBashk\u00ebpunimi nd\u00ebrkomb\u00ebtar, shk\u00ebmbimi i informacionit n\u00eb koh\u00eb reale n\u00eb kuad\u00ebr t\u00eb luft\u00ebs kund\u00ebr krimit n\u00eb t\u00ebr\u00ebsi, nisja e hetimeve t\u00eb p\u00ebrbashk\u00ebta p\u00ebr grupet kriminale, t\u00eb cil\u00ebt kthehen n\u00eb Shqip\u00ebri apo vazhdojn\u00eb aktivitetin e tyre jasht\u00eb vendit, \u00ebsht\u00eb me r\u00ebnd\u00ebsi dhe ne do t\u00eb vijom\u00eb t\u2019ju mb\u00ebshtetim n\u00eb pun\u00ebn tuaj n\u00eb k\u00ebt\u00eb drejtim.<\/p>\n<p>P\u00ebrg\u00ebzoj Policin\u00eb e Shtetit p\u00ebr bashk\u00ebpunimin e deritanish\u00ebm n\u00eb kuad\u00ebr t\u00eb luft\u00ebs kund\u00ebr krimit t\u00eb organizuar, e cil\u00ebsoj nj\u00eb institucion serioz, t\u00eb p\u00ebrkushtuar dhe partner t\u00eb besuar t\u00eb Policis\u00eb Gjermane. Ju fal\u00ebnderoj juve Drejtor dhe gjith\u00eb ekipin tuaj p\u00ebr gatishm\u00ebrin\u00eb, p\u00ebr t\u00eb qen\u00eb n\u00eb dispozicion me t\u00eb gjitha kapacitetet e Policis\u00eb n\u00eb mb\u00ebshtetje t\u00eb projektit ORKA\u201d.<\/p>\n<p>Veliu informoi Henzler se n\u00eb Policin\u00eb e Shtetit \u00ebsht\u00eb krijuar Departamenti i Marr\u00ebdh\u00ebnieve Nd\u00ebrkomb\u00ebtare, i cili ka prioritet bashk\u00ebpunimin me partner\u00ebt dhe ndjekjen e hetimeve t\u00eb p\u00ebrbashk\u00ebta, p\u00ebr t\u00eb p\u00ebrshpejtuar procedurat e hetimit duke fshir\u00eb barrierat q\u00eb kan\u00eb ekzistuar, p\u00ebr t\u00eb arritur q\u00ebllimin e p\u00ebrbashk\u00ebt.<\/p>\n<p>&nbsp;<\/p>\n","protected":false},"excerpt":{"rendered":"<p>Drejtori i P\u00ebrgjithsh\u00ebm i Policis\u00eb s\u00eb Shtetit, Ardi Veliu, priti n\u00eb nj\u00eb takim Zv\/Presidentin e Policis\u00eb Federale Kriminale Gjermane, Peter Henzler. Forcimi i m\u00ebtejsh\u00ebm i bashk\u00ebpunimit n\u00eb luft\u00ebn kund\u00ebr krimit t\u00eb organizuar nd\u00ebrkomb\u00ebtar, mb\u00ebshtetja e projektit \u201cORKA\u201d p\u00ebr identifikimin dhe goditjen e aktivitetit kriminal midis grupeve shqiptare dhe rezident\u00ebve gjerman\u00eb, si dhe konfiskimi i pasurive [&hellip;]<\/p>\n","protected":false},"author":2013,"featured_media":95450,"comment_status":"open","ping_status":"closed","sticky":false,"template":"","format":"standard","meta":{"footnotes":""},"categories":[241,235],"tags":[],"class_list":{"0":"post-95449","1":"post","2":"type-post","3":"status-publish","4":"format-standard","5":"has-post-thumbnail","7":"category-aktualitet","8":"category-vendi"},"_links":{"self":[{"href":"https:\/\/zjarr.tv\/sq\/wp-json\/wp\/v2\/posts\/95449","targetHints":{"allow":["GET"]}}],"collection":[{"href":"https:\/\/zjarr.tv\/sq\/wp-json\/wp\/v2\/posts"}],"about":[{"href":"https:\/\/zjarr.tv\/sq\/wp-json\/wp\/v2\/types\/post"}],"author":[{"embeddable":true,"href":"https:\/\/zjarr.tv\/sq\/wp-json\/wp\/v2\/users\/2013"}],"replies":[{"embeddable":true,"href":"https:\/\/zjarr.tv\/sq\/wp-json\/wp\/v2\/comments?post=95449"}],"version-history":[{"count":0,"href":"https:\/\/zjarr.tv\/sq\/wp-json\/wp\/v2\/posts\/95449\/revisions"}],"wp:featuredmedia":[{"embeddable":true,"href":"https:\/\/zjarr.tv\/sq\/wp-json\/wp\/v2\/media\/95450"}],"wp:attachment":[{"href":"https:\/\/zjarr.tv\/sq\/wp-json\/wp\/v2\/media?parent=95449"}],"wp:term":[{"taxonomy":"category","embeddable":true,"href":"https:\/\/zjarr.tv\/sq\/wp-json\/wp\/v2\/categories?post=95449"},{"taxonomy":"post_tag","embeddable":true,"href":"https:\/\/zjarr.tv\/sq\/wp-json\/wp\/v2\/tags?post=95449"}],"curies":[{"name":"wp","href":"https:\/\/api.w.org\/{rel}","templated":true}]}}