{"id":95499,"date":"2019-07-11T12:24:17","date_gmt":"2019-07-11T10:24:17","guid":{"rendered":"https:\/\/zjarr.tv\/?p=95499"},"modified":"2019-07-11T12:24:17","modified_gmt":"2019-07-11T10:24:17","slug":"kerkesa-per-shkarkimin-e-metes-mblidhet-sot-komisioni-hetimor","status":"publish","type":"post","link":"https:\/\/zjarr.tv\/sq\/kerkesa-per-shkarkimin-e-metes-mblidhet-sot-komisioni-hetimor\/","title":{"rendered":"K\u00ebrkesa p\u00ebr shkarkimin e Met\u00ebs, mblidhet sot Komisioni Hetimor"},"content":{"rendered":"<p>Komisioni Hetimor Parlamentar p\u00ebr shkarkimin e Presidentit Ilir Meta do mblidhet dit\u00ebn e sotme, p\u00ebr t\u00eb zhvilluar mbledhjen e par\u00eb lidhur me k\u00ebrkes\u00ebn e deputet\u00ebve socialist\u00eb.<\/p>\n<p>Ky komision pritet t\u00eb vendos\u00eb p\u00ebr shkarkimin ose jo t\u00eb Kreut t\u00eb Shtetit, Ilir Meta, pas vendimit t\u00eb tij p\u00ebr t\u00eb anuluar 30 qershorin si dat\u00eb t\u00eb zgjedhjeve vendore.<\/p>\n<p>Pas dekretit t\u00eb Met\u00ebs, disa deputet\u00eb t\u00eb Partis\u00eb Socialiste k\u00ebrkuan ngritjen e nj\u00eb Komisioni Hetimor p\u00ebr shkarkimin e Presidentit.\u00a0\u00a0 K\u00ebrkesa e tyre u miratua n\u00eb Kuvend, gjat\u00eb seanc\u00ebs t\u00eb s\u00eb h\u00ebn\u00ebs, me 101 vota pro dhe 6 kund\u00ebr.<\/p>\n<p>Socialist\u00ebt k\u00ebrkojn\u00eb shkarkimin e Presidentit Ilir Meta me argumentin se ka shkelur r\u00ebnd\u00eb Kushtetut\u00ebn, me dekretin p\u00ebr anulimin e zgjedhjeve t\u00eb 30 qershorit, duke dekretuar 13 tetorin si dat\u00eb p\u00ebr zhvillimin e k\u00ebtyre zgjedhjeve.<\/p>\n","protected":false},"excerpt":{"rendered":"<p>Komisioni Hetimor Parlamentar p\u00ebr shkarkimin e Presidentit Ilir Meta do mblidhet dit\u00ebn e sotme, p\u00ebr t\u00eb zhvilluar mbledhjen e par\u00eb lidhur me k\u00ebrkes\u00ebn e deputet\u00ebve socialist\u00eb. Ky komision pritet t\u00eb vendos\u00eb p\u00ebr shkarkimin ose jo t\u00eb Kreut t\u00eb Shtetit, Ilir Meta, pas vendimit t\u00eb tij p\u00ebr t\u00eb anuluar 30 qershorin si dat\u00eb t\u00eb zgjedhjeve vendore. [&hellip;]<\/p>\n","protected":false},"author":4,"featured_media":94851,"comment_status":"open","ping_status":"closed","sticky":false,"template":"","format":"standard","meta":{"footnotes":""},"categories":[241,231,235],"tags":[],"class_list":{"0":"post-95499","1":"post","2":"type-post","3":"status-publish","4":"format-standard","5":"has-post-thumbnail","7":"category-aktualitet","8":"category-lajme","9":"category-vendi"},"_links":{"self":[{"href":"https:\/\/zjarr.tv\/sq\/wp-json\/wp\/v2\/posts\/95499","targetHints":{"allow":["GET"]}}],"collection":[{"href":"https:\/\/zjarr.tv\/sq\/wp-json\/wp\/v2\/posts"}],"about":[{"href":"https:\/\/zjarr.tv\/sq\/wp-json\/wp\/v2\/types\/post"}],"author":[{"embeddable":true,"href":"https:\/\/zjarr.tv\/sq\/wp-json\/wp\/v2\/users\/4"}],"replies":[{"embeddable":true,"href":"https:\/\/zjarr.tv\/sq\/wp-json\/wp\/v2\/comments?post=95499"}],"version-history":[{"count":0,"href":"https:\/\/zjarr.tv\/sq\/wp-json\/wp\/v2\/posts\/95499\/revisions"}],"wp:featuredmedia":[{"embeddable":true,"href":"https:\/\/zjarr.tv\/sq\/wp-json\/wp\/v2\/media\/94851"}],"wp:attachment":[{"href":"https:\/\/zjarr.tv\/sq\/wp-json\/wp\/v2\/media?parent=95499"}],"wp:term":[{"taxonomy":"category","embeddable":true,"href":"https:\/\/zjarr.tv\/sq\/wp-json\/wp\/v2\/categories?post=95499"},{"taxonomy":"post_tag","embeddable":true,"href":"https:\/\/zjarr.tv\/sq\/wp-json\/wp\/v2\/tags?post=95499"}],"curies":[{"name":"wp","href":"https:\/\/api.w.org\/{rel}","templated":true}]}}