{"id":95507,"date":"2019-07-11T13:38:43","date_gmt":"2019-07-11T11:38:43","guid":{"rendered":"https:\/\/zjarr.tv\/?p=95507"},"modified":"2019-07-11T13:38:43","modified_gmt":"2019-07-11T11:38:43","slug":"sekuestrohen-1324-rrenje-kanabis-3-ne-pranga","status":"publish","type":"post","link":"https:\/\/zjarr.tv\/sq\/sekuestrohen-1324-rrenje-kanabis-3-ne-pranga\/","title":{"rendered":"Sekuestrohen 1324 rr\u00ebnj\u00eb kanabis, 3 n\u00eb pranga"},"content":{"rendered":"<p>1324\u00a0rr\u00ebnj\u00eb kanabis jan\u00eb sekuestruar n\u00eb Bulqiz\u00eb nga Policia.<\/p>\n<p>3 persona jan\u00eb arrestuar, pasi dyshohet se kishin kultivuar kanabisin me kubik\u00eb dhe m\u00eb pas e kishin \u00e7uar n\u00eb nj\u00eb zon\u00eb t\u00eb pyll\u00ebzuar p\u00ebr ta mbjell\u00eb. Kanabisi ishte kultivuar n\u00eb fshatin Ballaj t\u00eb Martaneshit.<\/p>\n<p>Kanabisi \u00ebsht\u00eb gjetur n\u00eb nj\u00eb zon\u00eb t\u00eb pyll\u00ebzuar. Gjithashtu Policia ka zbuluar edhe nj\u00eb kallashnikov.<\/p>\n<p>Kanabisi dyshohet se ishte \u00e7uar nga Tirana n\u00eb Martanesh dhe ishte p\u00ebrgatitur p\u00ebr tu kultivuar n\u00eb nj\u00eb zon\u00eb t\u00eb pyll\u00ebzuar.<\/p>\n<p>Policia vuri n\u00eb pranga A.Ll, 26 vje\u00e7, banues n\u00eb Mirdit\u00eb, K.H, \u00a025 vje\u00e7, banues n\u00eb Tiran\u00eb dhe O.K, 23 vje\u00e7, banues n\u00eb Tiran\u00eb.<\/p>\n<p>Ja njoftimi i plot\u00eb:<\/p>\n<p>Bulqiz\u00eb<\/p>\n<p>Finalizohet me sukses operacioni policor &#8220;Ballenj\u00eb-2019&#8221; n\u00eb kuad\u00ebr t\u00eb parandalimit, evidentimit dhe goditjes s\u00eb veprimtaris\u00eb kriminale n\u00eb fush\u00ebn e kultivimit t\u00eb bim\u00ebve narkotike.<\/p>\n<p>Sekuestrohen arm\u00eb zjarri, municion luftarak, kubik ku ishin kultivuar fara cannabis sativa dhe baz\u00eb materiale q\u00eb do sh\u00ebrbente p\u00ebr t\u00eb kultivuar n\u00eb tok\u00eb fidan\u00ebt narkotik\u00eb.<\/p>\n<p>Arrestohen n\u00eb flagranc\u00eb 3 shtetas<\/p>\n<p>N\u00eb vijim t\u00eb kontrollit t\u00eb pand\u00ebrprer\u00eb t\u00eb territorit , si dhe n\u00eb baz\u00eb t\u00eb informacioneve t\u00eb marra n\u00eb rrug\u00eb operative, se n\u00eb malin e Ballenj\u00ebs, nj\u00ebsia administrative Martanesh, disa persona po p\u00ebrgatiteshin p\u00ebr t\u00eb kultivuar bim\u00eb narkotike, nga ana e Komisariatit t\u00eb Policis\u00eb Bulqiz\u00eb, u organizuan sh\u00ebrbime sekrete, dhe si rezultat u finalizua me sukses operacioni policor &#8220;Ballenj\u00eb-2019&#8221; , duke arrestuar n\u00eb flagranc\u00eb shtetasit :<\/p>\n<p>A.Ll, 26 vje\u00e7, banues n\u00eb Mirdit\u00eb.<\/p>\n<p>K.H, 25 vje\u00e7, banues n\u00eb Tiran\u00eb.<\/p>\n<p>O.K, 23 vje\u00e7, banues n\u00eb Tiran\u00eb.<\/p>\n<p>Nga k\u00ebqyrja e vendit t\u00eb ngjarjes policia ka gjetur dhe sekuestruar n\u00eb cil\u00ebsin\u00eb e prov\u00ebs materiale :<\/p>\n<ul>\n<li>Nj\u00eb arm\u00eb zjarri automatik model 56, me 30 fishek<\/li>\n<li>1324 kubik(gota plastike), t\u00eb mbjella t\u00eb dyshuara me fara cannabis sativa<\/li>\n<li>Vegla pune, tuba plastike q\u00eb do sh\u00ebrbenin p\u00ebr kultivimin n\u00eb tok\u00eb t\u00eb fidan\u00ebve q\u00eb u gjet\u00ebn n\u00eb gotat plastike.<\/li>\n<\/ul>\n<p>Materialet hetimore do ti referohen Prokuroris\u00eb pran\u00eb Gjykat\u00ebs s\u00eb Shkall\u00ebs s\u00eb Par\u00eb Dib\u00ebr p\u00ebr veprat penale &#8220;Kultivimi i bim\u00ebve narkotike&#8221;, &#8220;Prodhim dhe shitja e narkotik\u00ebve&#8221;, &#8220;Mbajtja pa leje dhe prodhimi i arm\u00ebve, arm\u00ebve shp\u00ebrthyese dhe municionit&#8221; kryer n\u00eb bashk\u00ebpunim.<\/p>\n<p>&nbsp;<\/p>\n","protected":false},"excerpt":{"rendered":"<p>1324\u00a0rr\u00ebnj\u00eb kanabis jan\u00eb sekuestruar n\u00eb Bulqiz\u00eb nga Policia. 3 persona jan\u00eb arrestuar, pasi dyshohet se kishin kultivuar kanabisin me kubik\u00eb dhe m\u00eb pas e kishin \u00e7uar n\u00eb nj\u00eb zon\u00eb t\u00eb pyll\u00ebzuar p\u00ebr ta mbjell\u00eb. Kanabisi ishte kultivuar n\u00eb fshatin Ballaj t\u00eb Martaneshit. Kanabisi \u00ebsht\u00eb gjetur n\u00eb nj\u00eb zon\u00eb t\u00eb pyll\u00ebzuar. Gjithashtu Policia ka zbuluar edhe [&hellip;]<\/p>\n","protected":false},"author":2013,"featured_media":95508,"comment_status":"open","ping_status":"closed","sticky":false,"template":"","format":"standard","meta":{"footnotes":""},"categories":[241,235],"tags":[],"class_list":{"0":"post-95507","1":"post","2":"type-post","3":"status-publish","4":"format-standard","5":"has-post-thumbnail","7":"category-aktualitet","8":"category-vendi"},"_links":{"self":[{"href":"https:\/\/zjarr.tv\/sq\/wp-json\/wp\/v2\/posts\/95507","targetHints":{"allow":["GET"]}}],"collection":[{"href":"https:\/\/zjarr.tv\/sq\/wp-json\/wp\/v2\/posts"}],"about":[{"href":"https:\/\/zjarr.tv\/sq\/wp-json\/wp\/v2\/types\/post"}],"author":[{"embeddable":true,"href":"https:\/\/zjarr.tv\/sq\/wp-json\/wp\/v2\/users\/2013"}],"replies":[{"embeddable":true,"href":"https:\/\/zjarr.tv\/sq\/wp-json\/wp\/v2\/comments?post=95507"}],"version-history":[{"count":0,"href":"https:\/\/zjarr.tv\/sq\/wp-json\/wp\/v2\/posts\/95507\/revisions"}],"wp:featuredmedia":[{"embeddable":true,"href":"https:\/\/zjarr.tv\/sq\/wp-json\/wp\/v2\/media\/95508"}],"wp:attachment":[{"href":"https:\/\/zjarr.tv\/sq\/wp-json\/wp\/v2\/media?parent=95507"}],"wp:term":[{"taxonomy":"category","embeddable":true,"href":"https:\/\/zjarr.tv\/sq\/wp-json\/wp\/v2\/categories?post=95507"},{"taxonomy":"post_tag","embeddable":true,"href":"https:\/\/zjarr.tv\/sq\/wp-json\/wp\/v2\/tags?post=95507"}],"curies":[{"name":"wp","href":"https:\/\/api.w.org\/{rel}","templated":true}]}}