{"id":95513,"date":"2019-07-11T13:41:55","date_gmt":"2019-07-11T11:41:55","guid":{"rendered":"https:\/\/zjarr.tv\/?p=95513"},"modified":"2019-07-11T13:41:55","modified_gmt":"2019-07-11T11:41:55","slug":"ish-deputeti-spahia-mungon-ne-seance-kerkon-lirine-ne-apel","status":"publish","type":"post","link":"https:\/\/zjarr.tv\/sq\/ish-deputeti-spahia-mungon-ne-seance-kerkon-lirine-ne-apel\/","title":{"rendered":"Ish-deputeti Spahia mungon n\u00eb seanc\u00eb, k\u00ebrkon lirin\u00eb n\u00eb Apel"},"content":{"rendered":"<p>N\u00eb Gjykat\u00ebn e Apelit n\u00eb Shkod\u00ebr po mbahet seanca n\u00eb ngarkim t\u00eb ish-deputetit Bardh Spahia, i cili ka k\u00ebrkuar leht\u00ebsimin e mas\u00ebs s\u00eb siguris\u00eb \u2018\u2019arrest sht\u00ebpie\u201d.<\/p>\n<p>Ajo q\u00eb \u00ebsht\u00eb p\u00ebr t\u2019u theksuar n\u00eb k\u00ebt\u00eb seanc\u00eb \u00ebsht\u00eb fakti se vet\u00eb Spahia mungon, pasi askush nga policia e Tiran\u00ebs nuk ka garantuar shoq\u00ebrimin e tij nga banesa p\u00ebr n\u00eb Gjykat\u00eb.<\/p>\n<p>Kjo ka sjell\u00eb dhe nd\u00ebrprerjen e p\u00ebrkohshme t\u00eb seanc\u00ebs, deri n\u00eb sqarimin e k\u00ebtyre procedurave. Spahia p\u00ebrfaq\u00ebsohet n\u00eb k\u00ebt\u00eb seanc\u00eb nga dy avokat\u00ebt e tij Ivi Kaso dhe Ledio Nuraj. Nd\u00ebrkoh\u00eb q\u00eb prokuror i c\u00ebshtjes \u00ebsht\u00eb Besim Ndragjoshi dhe Marina Rrabashta relatore.N\u00eb mb\u00ebshtetje t\u00eb ish-deputetit ndodhet n\u00eb sall\u00ebn e gjyqit dhe kryetarja e Bashkis\u00eb s\u00eb Shkodr\u00ebs Voltana Ademi si dhe p\u00ebrfaq\u00ebsues t\u00eb tjer\u00eb t\u00eb PD-s\u00eb.<\/p>\n<p>&nbsp;<\/p>\n","protected":false},"excerpt":{"rendered":"<p>N\u00eb Gjykat\u00ebn e Apelit n\u00eb Shkod\u00ebr po mbahet seanca n\u00eb ngarkim t\u00eb ish-deputetit Bardh Spahia, i cili ka k\u00ebrkuar leht\u00ebsimin e mas\u00ebs s\u00eb siguris\u00eb \u2018\u2019arrest sht\u00ebpie\u201d. Ajo q\u00eb \u00ebsht\u00eb p\u00ebr t\u2019u theksuar n\u00eb k\u00ebt\u00eb seanc\u00eb \u00ebsht\u00eb fakti se vet\u00eb Spahia mungon, pasi askush nga policia e Tiran\u00ebs nuk ka garantuar shoq\u00ebrimin e tij nga banesa [&hellip;]<\/p>\n","protected":false},"author":2013,"featured_media":95514,"comment_status":"open","ping_status":"closed","sticky":false,"template":"","format":"standard","meta":{"footnotes":""},"categories":[241,235],"tags":[],"class_list":{"0":"post-95513","1":"post","2":"type-post","3":"status-publish","4":"format-standard","5":"has-post-thumbnail","7":"category-aktualitet","8":"category-vendi"},"_links":{"self":[{"href":"https:\/\/zjarr.tv\/sq\/wp-json\/wp\/v2\/posts\/95513","targetHints":{"allow":["GET"]}}],"collection":[{"href":"https:\/\/zjarr.tv\/sq\/wp-json\/wp\/v2\/posts"}],"about":[{"href":"https:\/\/zjarr.tv\/sq\/wp-json\/wp\/v2\/types\/post"}],"author":[{"embeddable":true,"href":"https:\/\/zjarr.tv\/sq\/wp-json\/wp\/v2\/users\/2013"}],"replies":[{"embeddable":true,"href":"https:\/\/zjarr.tv\/sq\/wp-json\/wp\/v2\/comments?post=95513"}],"version-history":[{"count":0,"href":"https:\/\/zjarr.tv\/sq\/wp-json\/wp\/v2\/posts\/95513\/revisions"}],"wp:featuredmedia":[{"embeddable":true,"href":"https:\/\/zjarr.tv\/sq\/wp-json\/wp\/v2\/media\/95514"}],"wp:attachment":[{"href":"https:\/\/zjarr.tv\/sq\/wp-json\/wp\/v2\/media?parent=95513"}],"wp:term":[{"taxonomy":"category","embeddable":true,"href":"https:\/\/zjarr.tv\/sq\/wp-json\/wp\/v2\/categories?post=95513"},{"taxonomy":"post_tag","embeddable":true,"href":"https:\/\/zjarr.tv\/sq\/wp-json\/wp\/v2\/tags?post=95513"}],"curies":[{"name":"wp","href":"https:\/\/api.w.org\/{rel}","templated":true}]}}