{"id":95519,"date":"2019-07-11T13:46:17","date_gmt":"2019-07-11T11:46:17","guid":{"rendered":"https:\/\/zjarr.tv\/?p=95519"},"modified":"2019-07-11T13:46:17","modified_gmt":"2019-07-11T11:46:17","slug":"vizita-e-macron-ne-serbi-denoncimi-rama-po-lobon-permes-vucic-qe-ta-takoje-ne-beograd","status":"publish","type":"post","link":"https:\/\/zjarr.tv\/sq\/vizita-e-macron-ne-serbi-denoncimi-rama-po-lobon-permes-vucic-qe-ta-takoje-ne-beograd\/","title":{"rendered":"Vizita e Macron n\u00eb Serbi, denoncimi: Rama po lobon p\u00ebrmes Vu\u00e7i\u00e7 q\u00eb ta takoj\u00eb n\u00eb Beograd"},"content":{"rendered":"<p>Ish kryeministri Berisha ka ndar\u00eb me ndjek\u00ebsit e tij n\u00eb facebook nj\u00eb denoncim t\u00eb nj\u00eb qytetari q\u00eb shpjegon se si Kryeministri Edi Rama po lobon n\u00ebp\u00ebrmjet presidentit t\u00eb Serbis\u00eb Vu\u00e7i\u00e7 q\u00eb t\u00eb takoj\u00eb Presidentin Francez n\u00eb Beograd gjat\u00eb vozit\u00ebs q\u00eb ky i fundit do t\u00eb zhvilloje pas disa dit\u00ebsh n\u00eb kryeqytetin serb.<\/p>\n<p>Ja \u00e7far\u00eb shkruan Berisha:<\/p>\n<p>Zografi bis i lutet Vu\u00e7i\u00e7 ti rregulloj\u00eb nj\u00eb takim t\u00eb fsheht\u00eb n\u00eb Beograd me Presidentin e Franc\u00ebs Makron, i cili viziton keto dit\u00eb Serbin\u00eb. Sb<\/p>\n<p>Lexoni mesazhin e qytetarit dixhital.<\/p>\n<p><a href=\"https:\/\/zjarr.tv\/wp-content\/uploads\/2019\/07\/auto_ardh1562836324.jpg\"><img loading=\"lazy\" decoding=\"async\" class=\"alignnone size-medium wp-image-95520\" src=\"https:\/\/zjarr.tv\/wp-content\/uploads\/2019\/07\/auto_ardh1562836324-300x278.jpg\" alt=\"\" width=\"300\" height=\"278\" srcset=\"https:\/\/zjarr.tv\/wp-content\/uploads\/2019\/07\/auto_ardh1562836324-300x278.jpg 300w, https:\/\/zjarr.tv\/wp-content\/uploads\/2019\/07\/auto_ardh1562836324-768x713.jpg 768w, https:\/\/zjarr.tv\/wp-content\/uploads\/2019\/07\/auto_ardh1562836324-696x646.jpg 696w, https:\/\/zjarr.tv\/wp-content\/uploads\/2019\/07\/auto_ardh1562836324-453x420.jpg 453w, https:\/\/zjarr.tv\/wp-content\/uploads\/2019\/07\/auto_ardh1562836324.jpg 900w\" sizes=\"auto, (max-width: 300px) 100vw, 300px\" \/><\/a><\/p>\n<p>&nbsp;<\/p>\n<p><a href=\"https:\/\/zjarr.tv\/wp-content\/uploads\/2019\/07\/auto_berisha_fcb1562836693.png\"><img loading=\"lazy\" decoding=\"async\" class=\"alignnone size-medium wp-image-95521\" src=\"https:\/\/zjarr.tv\/wp-content\/uploads\/2019\/07\/auto_berisha_fcb1562836693-255x300.png\" alt=\"\" width=\"255\" height=\"300\" srcset=\"https:\/\/zjarr.tv\/wp-content\/uploads\/2019\/07\/auto_berisha_fcb1562836693-255x300.png 255w, https:\/\/zjarr.tv\/wp-content\/uploads\/2019\/07\/auto_berisha_fcb1562836693-768x903.png 768w, https:\/\/zjarr.tv\/wp-content\/uploads\/2019\/07\/auto_berisha_fcb1562836693-871x1024.png 871w, https:\/\/zjarr.tv\/wp-content\/uploads\/2019\/07\/auto_berisha_fcb1562836693-696x818.png 696w, https:\/\/zjarr.tv\/wp-content\/uploads\/2019\/07\/auto_berisha_fcb1562836693-357x420.png 357w, https:\/\/zjarr.tv\/wp-content\/uploads\/2019\/07\/auto_berisha_fcb1562836693.png 900w\" sizes=\"auto, (max-width: 255px) 100vw, 255px\" \/><\/a><\/p>\n","protected":false},"excerpt":{"rendered":"<p>Ish kryeministri Berisha ka ndar\u00eb me ndjek\u00ebsit e tij n\u00eb facebook nj\u00eb denoncim t\u00eb nj\u00eb qytetari q\u00eb shpjegon se si Kryeministri Edi Rama po lobon n\u00ebp\u00ebrmjet presidentit t\u00eb Serbis\u00eb Vu\u00e7i\u00e7 q\u00eb t\u00eb takoj\u00eb Presidentin Francez n\u00eb Beograd gjat\u00eb vozit\u00ebs q\u00eb ky i fundit do t\u00eb zhvilloje pas disa dit\u00ebsh n\u00eb kryeqytetin serb. Ja \u00e7far\u00eb shkruan [&hellip;]<\/p>\n","protected":false},"author":2013,"featured_media":51729,"comment_status":"open","ping_status":"closed","sticky":false,"template":"","format":"standard","meta":{"footnotes":""},"categories":[241,235],"tags":[],"class_list":{"0":"post-95519","1":"post","2":"type-post","3":"status-publish","4":"format-standard","5":"has-post-thumbnail","7":"category-aktualitet","8":"category-vendi"},"_links":{"self":[{"href":"https:\/\/zjarr.tv\/sq\/wp-json\/wp\/v2\/posts\/95519","targetHints":{"allow":["GET"]}}],"collection":[{"href":"https:\/\/zjarr.tv\/sq\/wp-json\/wp\/v2\/posts"}],"about":[{"href":"https:\/\/zjarr.tv\/sq\/wp-json\/wp\/v2\/types\/post"}],"author":[{"embeddable":true,"href":"https:\/\/zjarr.tv\/sq\/wp-json\/wp\/v2\/users\/2013"}],"replies":[{"embeddable":true,"href":"https:\/\/zjarr.tv\/sq\/wp-json\/wp\/v2\/comments?post=95519"}],"version-history":[{"count":0,"href":"https:\/\/zjarr.tv\/sq\/wp-json\/wp\/v2\/posts\/95519\/revisions"}],"wp:featuredmedia":[{"embeddable":true,"href":"https:\/\/zjarr.tv\/sq\/wp-json\/wp\/v2\/media\/51729"}],"wp:attachment":[{"href":"https:\/\/zjarr.tv\/sq\/wp-json\/wp\/v2\/media?parent=95519"}],"wp:term":[{"taxonomy":"category","embeddable":true,"href":"https:\/\/zjarr.tv\/sq\/wp-json\/wp\/v2\/categories?post=95519"},{"taxonomy":"post_tag","embeddable":true,"href":"https:\/\/zjarr.tv\/sq\/wp-json\/wp\/v2\/tags?post=95519"}],"curies":[{"name":"wp","href":"https:\/\/api.w.org\/{rel}","templated":true}]}}