{"id":95525,"date":"2019-07-11T14:34:21","date_gmt":"2019-07-11T12:34:21","guid":{"rendered":"https:\/\/zjarr.tv\/?p=95525"},"modified":"2019-07-11T14:34:21","modified_gmt":"2019-07-11T12:34:21","slug":"prania-e-europol-ne-shqiperi-strazimiri-kjo-tregon-se-ky-vend-eshte-kthyer-ne-strofkull-te-krimit","status":"publish","type":"post","link":"https:\/\/zjarr.tv\/sq\/prania-e-europol-ne-shqiperi-strazimiri-kjo-tregon-se-ky-vend-eshte-kthyer-ne-strofkull-te-krimit\/","title":{"rendered":"Prania e EUROPOL ne Shqip\u00ebri, Strazimiri: Kjo tregon se ky vend \u00ebsht\u00eb kthyer n\u00eb strofkull t\u00eb krimit"},"content":{"rendered":"<p>&nbsp;<\/p>\n<p>Ish deputeti demokrat Gent Strazimri ka reaguar pas nj\u00eb ceremonie zyrtare t\u00eb organizuar nga Minsitri Brendsh\u00ebm Lleshi p\u00ebr hapjen e zyr\u00ebs s\u00eb EURPOL n\u00eb Shqip\u00ebri.<\/p>\n<p>Ai ironizon thinjen se kjo e paska integruar shqip\u00ebrin\u00eb n\u00eb Europ\u00eb. \u201cPrania permanente e operacionale e EUROPOL n\u00eb Shqip\u00ebri, tregon se ky vend \u00ebsht\u00eb kthyer n\u00eb strofkull t\u00eb t\u00eb shum\u00ebk\u00ebrkuarve q\u00eb &#8220;menaxhojn\u00eb&#8221; organizatat kriminale n\u00eb Evrop\u00eb!\u201d, shkruan ish deputeti demokrat.<\/p>\n<p>Ja postimi i plot\u00eb i tij:<\/p>\n<p>Me demek, meqen\u00ebse &#8220;D.E.A.&#8221; amerikane ka hapur zyr\u00eb permanente operacionale n\u00eb Tiran\u00eb n\u00eb koh\u00ebn e Saje qorrit, qenkemi &#8220;integruar de facto n\u00eb SHBA&#8221;, madje p\u00ebr merit\u00eb t\u00eb Saje qorrit, &#8220;t\u00eb pandehurit&#8221; m\u00eb t\u00eb suksessh\u00ebm q\u00eb keni patur?!<\/p>\n<p>E v\u00ebrteta \u00ebsht\u00eb krejt e kund\u00ebrta!<\/p>\n<p>Sh\u00ebrbimet e siguris\u00eb s\u00eb partner\u00ebve, harxhojn\u00eb fonde dhe burime njer\u00ebzore n\u00eb Shqip\u00ebri, sepse krimi po kontrollon gjith\u00e7ka, q\u00eb nga Policia, prokurori, gjykata, administrata, qeveria e parlamenti!<\/p>\n<p>Askush prej partner\u00ebve\u00a0nuk ka fonde e njer\u00ebz tep\u00ebr, p\u00ebr t&#8217;i angazhuar n\u00eb nj\u00eb vend ku policia e b\u00ebn vet\u00eb pun\u00ebn e saj, kontrollon vet\u00eb territorin, godet vet\u00eb kontigjentin kriminal, si deri n\u00eb vitin 2013 kur Policia e Shtetit d\u00ebrgonte oficer\u00eb t\u00eb infiltruar p\u00ebr ndihm\u00eb n\u00eb BE, n\u00eb luft\u00ebn kund\u00ebr organizatave kriminale shqiptare.<\/p>\n<p>E v\u00ebrteta \u00ebsht\u00eb se:<\/p>\n<p>&#8211; prania permanente e operacionale e D.E.A. n\u00eb Shqip\u00ebri tregon se kokaina \u00ebsht\u00eb kthyer n\u00eb problem jo vet\u00ebm p\u00ebr ne, por edhe p\u00ebr amerikan\u00ebt.<\/p>\n<p>* prania e permanente, e operacionale e FRONTEX n\u00eb Shqip\u00ebri, tregon se ky vend nuk i ruan dot kufinjt\u00eb e vet.<\/p>\n<p>* prania permanente e operacionale e EUROPOL n\u00eb Shqip\u00ebri, tregon se ky vend \u00ebsht\u00eb kthyer n\u00eb strofkull t\u00eb t\u00eb shum\u00ebk\u00ebrkuarve q\u00eb &#8220;menaxhojn\u00eb&#8221; organizatat kriminale n\u00eb Evrop\u00eb!<\/p>\n<p>Kjo \u00ebsht\u00eb e v\u00ebrteta, karagjoz! Karagjoz ti, dhe cilido q\u00eb t\u00eb vjen pas fijes n\u00eb k\u00ebt\u00eb dram\u00eb krimnaliteti!<\/p>\n<p>&nbsp;<\/p>\n","protected":false},"excerpt":{"rendered":"<p>&nbsp; Ish deputeti demokrat Gent Strazimri ka reaguar pas nj\u00eb ceremonie zyrtare t\u00eb organizuar nga Minsitri Brendsh\u00ebm Lleshi p\u00ebr hapjen e zyr\u00ebs s\u00eb EURPOL n\u00eb Shqip\u00ebri. Ai ironizon thinjen se kjo e paska integruar shqip\u00ebrin\u00eb n\u00eb Europ\u00eb. \u201cPrania permanente e operacionale e EUROPOL n\u00eb Shqip\u00ebri, tregon se ky vend \u00ebsht\u00eb kthyer n\u00eb strofkull t\u00eb t\u00eb [&hellip;]<\/p>\n","protected":false},"author":2013,"featured_media":74775,"comment_status":"open","ping_status":"closed","sticky":false,"template":"","format":"standard","meta":{"footnotes":""},"categories":[241,235],"tags":[],"class_list":{"0":"post-95525","1":"post","2":"type-post","3":"status-publish","4":"format-standard","5":"has-post-thumbnail","7":"category-aktualitet","8":"category-vendi"},"_links":{"self":[{"href":"https:\/\/zjarr.tv\/sq\/wp-json\/wp\/v2\/posts\/95525","targetHints":{"allow":["GET"]}}],"collection":[{"href":"https:\/\/zjarr.tv\/sq\/wp-json\/wp\/v2\/posts"}],"about":[{"href":"https:\/\/zjarr.tv\/sq\/wp-json\/wp\/v2\/types\/post"}],"author":[{"embeddable":true,"href":"https:\/\/zjarr.tv\/sq\/wp-json\/wp\/v2\/users\/2013"}],"replies":[{"embeddable":true,"href":"https:\/\/zjarr.tv\/sq\/wp-json\/wp\/v2\/comments?post=95525"}],"version-history":[{"count":0,"href":"https:\/\/zjarr.tv\/sq\/wp-json\/wp\/v2\/posts\/95525\/revisions"}],"wp:featuredmedia":[{"embeddable":true,"href":"https:\/\/zjarr.tv\/sq\/wp-json\/wp\/v2\/media\/74775"}],"wp:attachment":[{"href":"https:\/\/zjarr.tv\/sq\/wp-json\/wp\/v2\/media?parent=95525"}],"wp:term":[{"taxonomy":"category","embeddable":true,"href":"https:\/\/zjarr.tv\/sq\/wp-json\/wp\/v2\/categories?post=95525"},{"taxonomy":"post_tag","embeddable":true,"href":"https:\/\/zjarr.tv\/sq\/wp-json\/wp\/v2\/tags?post=95525"}],"curies":[{"name":"wp","href":"https:\/\/api.w.org\/{rel}","templated":true}]}}