{"id":95539,"date":"2019-07-11T14:41:49","date_gmt":"2019-07-11T12:41:49","guid":{"rendered":"https:\/\/zjarr.tv\/?p=95539"},"modified":"2019-07-11T14:41:49","modified_gmt":"2019-07-11T12:41:49","slug":"ironia-e-dukes-shyqyr-qe-hetohet-meta-se-perndryshe-njerezit-do-ta-kishin-mendjen-te-hallet","status":"publish","type":"post","link":"https:\/\/zjarr.tv\/sq\/ironia-e-dukes-shyqyr-qe-hetohet-meta-se-perndryshe-njerezit-do-ta-kishin-mendjen-te-hallet\/","title":{"rendered":"Ironia e Duk\u00ebs: Shyqyr q\u00eb hetohet Meta, se p\u00ebrndryshe njer\u00ebzit do ta kishin mendjen te hallet"},"content":{"rendered":"<p>Kryetari i Partise Agrare Ambientaliste, Agron Duka ka reaguar me nj\u00eb sh\u00ebnim n\u00eb faqen e tij n\u00eb Facebook.<\/p>\n<p>Ai b\u00ebn ironi me komisionin q\u00eb po heton Met\u00ebn kurr thote se &#8216;shyqyr q\u00eb doli ky Komisioni Hetimor p\u00ebr Presidentin e Republik\u00ebs, sepse p\u00ebrndryshe, opinioni publik do t\u00eb duhej t\u00eb merrej me ngritjen e \u00e7mimit t\u00eb naft\u00ebs, me ngadal\u00ebsimin e rritjes ekonomike, me munges\u00ebn e investimeve t\u00eb huaja, me projektligjin q\u00eb k\u00ebrc\u00ebnon median online, me p\u00ebrgjimet e Bild&#8217;.<\/p>\n<p>Ja postimi i plot\u00eb i kreu te PAA, Agron Duka:<\/p>\n<p>Shyqyr q\u00eb doli ky Komisioni Hetimor p\u00ebr Presidentin e Republik\u00ebs, sepse p\u00ebrndryshe, opinioni publik do t\u00eb duhej t\u00eb merrej me ngritjen e \u00e7mimit t\u00eb naft\u00ebs, me ngadal\u00ebsimin e rritjes ekonomike, me munges\u00ebn e investimeve t\u00eb huaja, me projektligjin q\u00eb k\u00ebrc\u00ebnon median online, me p\u00ebrgjimet e Bild, me r\u00ebnien e rendit kushtetues dhe me dhjetra probleme t\u00eb shtyra n\u00eb kalendat greke.<\/p>\n<p>Ku ka m\u00eb mir\u00eb se nj\u00eb gjyq publik p\u00ebr t\u00eb spostuar v\u00ebmendjen gjetk\u00eb, nd\u00ebrsa vendi nuk qeveriset, por sundohet nga nj\u00eb pakic\u00eb q\u00eb t\u00eb vetmin plan, ka mbajtjen e pushtetit me \u00e7do kusht dhe me \u00e7do kosto&#8230;<\/p>\n<p>&nbsp;<\/p>\n","protected":false},"excerpt":{"rendered":"<p>Kryetari i Partise Agrare Ambientaliste, Agron Duka ka reaguar me nj\u00eb sh\u00ebnim n\u00eb faqen e tij n\u00eb Facebook. Ai b\u00ebn ironi me komisionin q\u00eb po heton Met\u00ebn kurr thote se &#8216;shyqyr q\u00eb doli ky Komisioni Hetimor p\u00ebr Presidentin e Republik\u00ebs, sepse p\u00ebrndryshe, opinioni publik do t\u00eb duhej t\u00eb merrej me ngritjen e \u00e7mimit t\u00eb naft\u00ebs, [&hellip;]<\/p>\n","protected":false},"author":2013,"featured_media":71797,"comment_status":"open","ping_status":"closed","sticky":false,"template":"","format":"standard","meta":{"footnotes":""},"categories":[241,235],"tags":[],"class_list":{"0":"post-95539","1":"post","2":"type-post","3":"status-publish","4":"format-standard","5":"has-post-thumbnail","7":"category-aktualitet","8":"category-vendi"},"_links":{"self":[{"href":"https:\/\/zjarr.tv\/sq\/wp-json\/wp\/v2\/posts\/95539","targetHints":{"allow":["GET"]}}],"collection":[{"href":"https:\/\/zjarr.tv\/sq\/wp-json\/wp\/v2\/posts"}],"about":[{"href":"https:\/\/zjarr.tv\/sq\/wp-json\/wp\/v2\/types\/post"}],"author":[{"embeddable":true,"href":"https:\/\/zjarr.tv\/sq\/wp-json\/wp\/v2\/users\/2013"}],"replies":[{"embeddable":true,"href":"https:\/\/zjarr.tv\/sq\/wp-json\/wp\/v2\/comments?post=95539"}],"version-history":[{"count":0,"href":"https:\/\/zjarr.tv\/sq\/wp-json\/wp\/v2\/posts\/95539\/revisions"}],"wp:featuredmedia":[{"embeddable":true,"href":"https:\/\/zjarr.tv\/sq\/wp-json\/wp\/v2\/media\/71797"}],"wp:attachment":[{"href":"https:\/\/zjarr.tv\/sq\/wp-json\/wp\/v2\/media?parent=95539"}],"wp:term":[{"taxonomy":"category","embeddable":true,"href":"https:\/\/zjarr.tv\/sq\/wp-json\/wp\/v2\/categories?post=95539"},{"taxonomy":"post_tag","embeddable":true,"href":"https:\/\/zjarr.tv\/sq\/wp-json\/wp\/v2\/tags?post=95539"}],"curies":[{"name":"wp","href":"https:\/\/api.w.org\/{rel}","templated":true}]}}