{"id":95541,"date":"2019-07-11T14:43:09","date_gmt":"2019-07-11T12:43:09","guid":{"rendered":"https:\/\/zjarr.tv\/?p=95541"},"modified":"2019-07-11T14:43:09","modified_gmt":"2019-07-11T12:43:09","slug":"basha-ne-vlore-rama-antipopullor-refuzimin-e-shqiptareve-ta-kthejme-ne-maxhorance","status":"publish","type":"post","link":"https:\/\/zjarr.tv\/sq\/basha-ne-vlore-rama-antipopullor-refuzimin-e-shqiptareve-ta-kthejme-ne-maxhorance\/","title":{"rendered":"Basha n\u00eb Vlor\u00eb: Rama antipopullor, refuzimin e shqiptar\u00ebve ta kthejm\u00eb n\u00eb maxhoranc\u00eb"},"content":{"rendered":"<p>Lideri i opozit\u00ebs zhvilloi n\u00eb Vlor\u00eb nje takim me strukturat e partis\u00eb, i shoq\u00ebruar nga Sekretari i P\u00ebrgjithsh\u00ebm i PD, Gazment Bardhi, p\u00ebr t\u00eb diskutuar p\u00ebr situat\u00ebn politike pas 30 Qershorit dhe vazhdimin e aksionit politik t\u00eb opozit\u00ebs n\u00eb funksion t\u00eb betej\u00ebs \u2018p\u00ebr t\u2019u siguruar shqiptar\u00ebve ndryshimin e madh, q\u00eb ata presin dhe meritojn\u00eb\u2019, si\u00e7 u shpreh kreu i opozit\u00ebs.<\/p>\n<p>Basha tha se Vlora spikati me refuzimin q\u00eb i b\u00ebri Edi Ram\u00ebs m\u00eb 30 Qershor, ku mor\u00ebn pjes\u00eb vet\u00ebm 14% e vlonjat\u00ebve.<\/p>\n<p>\u2018Braktisja e votimeve moniste nga qytetar\u00ebt e Vlor\u00ebs tregoi se ata duan t\u00eb jetojn\u00eb si qytetar\u00eb europian\u00eb dhe jo si skllev\u00ebr t\u00eb krimit dhe korrupsionit.- tha Basha.<\/p>\n<p>Duke iu referuar refuzimit masiv t\u00eb qytetar\u00ebve ndaj qeveris\u00eb m\u00eb 30 Qershor, Lulzim Basha u shpreh se PD e ka marr\u00eb leksionin e 30 Qershorit dhe po vazhdon t\u00eb punoj\u00eb pa nd\u00ebrprerje p\u00ebr ndryshimin e thell\u00eb dhe t\u00eb v\u00ebrtet\u00eb q\u00eb duan shqiptar\u00ebt, n\u00eb m\u00ebnyr\u00eb q\u00eb k\u00ebt\u00eb mas\u00eb refuzuese ta kthejm\u00eb n\u00eb nj\u00eb maxhoranc\u00eb komb\u00ebtare p\u00ebr ndryshim.<\/p>\n<p>Lideri i opozit\u00ebs tha se p\u00ebr nga vendimet e marra, kjo \u00ebsht\u00eb qeveria m\u00eb antipopullore, m\u00eb antikonb\u00ebtare q\u00eb ka patur Shqip\u00ebria n\u00eb 3 dekada. Basha tha se akti m\u00eb i fundit kund\u00ebr interesit t\u00eb qytetar\u00ebve, q\u00eb favorizon klient\u00ebt\u00a0 e qeveris\u00eb, \u00ebsht\u00eb vendimi p\u00ebr t\u00eb rritur s\u00ebrish indirekt taks\u00ebn e karburantit me 200 lek\u00eb p\u00ebr let\u00ebr.<\/p>\n","protected":false},"excerpt":{"rendered":"<p>Lideri i opozit\u00ebs zhvilloi n\u00eb Vlor\u00eb nje takim me strukturat e partis\u00eb, i shoq\u00ebruar nga Sekretari i P\u00ebrgjithsh\u00ebm i PD, Gazment Bardhi, p\u00ebr t\u00eb diskutuar p\u00ebr situat\u00ebn politike pas 30 Qershorit dhe vazhdimin e aksionit politik t\u00eb opozit\u00ebs n\u00eb funksion t\u00eb betej\u00ebs \u2018p\u00ebr t\u2019u siguruar shqiptar\u00ebve ndryshimin e madh, q\u00eb ata presin dhe meritojn\u00eb\u2019, si\u00e7 [&hellip;]<\/p>\n","protected":false},"author":2013,"featured_media":95542,"comment_status":"open","ping_status":"closed","sticky":false,"template":"","format":"standard","meta":{"footnotes":""},"categories":[241,235],"tags":[],"class_list":{"0":"post-95541","1":"post","2":"type-post","3":"status-publish","4":"format-standard","5":"has-post-thumbnail","7":"category-aktualitet","8":"category-vendi"},"_links":{"self":[{"href":"https:\/\/zjarr.tv\/sq\/wp-json\/wp\/v2\/posts\/95541","targetHints":{"allow":["GET"]}}],"collection":[{"href":"https:\/\/zjarr.tv\/sq\/wp-json\/wp\/v2\/posts"}],"about":[{"href":"https:\/\/zjarr.tv\/sq\/wp-json\/wp\/v2\/types\/post"}],"author":[{"embeddable":true,"href":"https:\/\/zjarr.tv\/sq\/wp-json\/wp\/v2\/users\/2013"}],"replies":[{"embeddable":true,"href":"https:\/\/zjarr.tv\/sq\/wp-json\/wp\/v2\/comments?post=95541"}],"version-history":[{"count":0,"href":"https:\/\/zjarr.tv\/sq\/wp-json\/wp\/v2\/posts\/95541\/revisions"}],"wp:featuredmedia":[{"embeddable":true,"href":"https:\/\/zjarr.tv\/sq\/wp-json\/wp\/v2\/media\/95542"}],"wp:attachment":[{"href":"https:\/\/zjarr.tv\/sq\/wp-json\/wp\/v2\/media?parent=95541"}],"wp:term":[{"taxonomy":"category","embeddable":true,"href":"https:\/\/zjarr.tv\/sq\/wp-json\/wp\/v2\/categories?post=95541"},{"taxonomy":"post_tag","embeddable":true,"href":"https:\/\/zjarr.tv\/sq\/wp-json\/wp\/v2\/tags?post=95541"}],"curies":[{"name":"wp","href":"https:\/\/api.w.org\/{rel}","templated":true}]}}