{"id":95550,"date":"2019-07-11T15:18:12","date_gmt":"2019-07-11T13:18:12","guid":{"rendered":"https:\/\/zjarr.tv\/?p=95550"},"modified":"2019-07-11T15:18:12","modified_gmt":"2019-07-11T13:18:12","slug":"24-vjet-nga-masakra-e-srebrenices-meta-nuk-duhet-te-lejojme-askend-te-percaje-popujt-dhe-kombet-tane","status":"publish","type":"post","link":"https:\/\/zjarr.tv\/sq\/24-vjet-nga-masakra-e-srebrenices-meta-nuk-duhet-te-lejojme-askend-te-percaje-popujt-dhe-kombet-tane\/","title":{"rendered":"24 vjet nga masakra e Srebrenic\u00ebs, Meta: Nuk duhet t\u00eb lejojm\u00eb ask\u00ebnd t\u00eb p\u00ebr\u00e7aj\u00eb popujt dhe kombet tan\u00eb"},"content":{"rendered":"<p>Presidenti i Republik\u00ebs Ilir Meta ka reaguar me nj\u00eb sh\u00ebnim n\u00eb fqen e tij n\u00eb facebook p\u00ebr masakr\u00ebn e para 24 viteve n\u00eb Srebrenic\u00eb.<\/p>\n<p>\u201cDuhet t\u00eb nd\u00ebrgjegj\u00ebsohemi e p\u00ebrgjegj\u00ebsohemi q\u00eb bashk\u00ebjetes\u00ebn etnike-fetare dhe kulturore ta ruajm\u00eb e ta forcojm\u00eb, pa lejuar ask\u00ebnd t\u00eb helmoj\u00eb dhe t\u00eb p\u00ebr\u00e7aj\u00eb popujt dhe kombet tona, n\u00eb m\u00ebnyr\u00eb q\u00eb tragjedi t\u00eb tilla t\u2019i p\u00ebrkasin vet\u00ebm t\u00eb kaluar\u00ebs s\u00eb hidhur t\u00eb historis\u00eb s\u00eb rajonit ton\u00eb\u201d, shrkuan Meta n\u00eb mesazhin e tij.<\/p>\n<p><strong>Ja postimi i plot\u00eb i Met\u00ebs:<\/strong><\/p>\n<p>Sot n\u00eb 24-vjetorin e masakr\u00ebs s\u00eb Srebrenic\u00ebs, m\u00eb t\u00eb madhes n\u00eb zem\u00ebr t\u00eb Europ\u00ebs, \u00ebsht\u00eb koha jo vet\u00ebm t\u00eb lutemi p\u00ebr shpirtrat e viktimave dhe dhimbjen e patreguar q\u00eb p\u00ebrjetuan popujt e rajonit ton\u00eb, por nj\u00ebkoh\u00ebsisht t\u00eb k\u00ebrkojm\u00eb drejt\u00ebsi deri n\u00eb fund p\u00ebr shkaktar\u00ebt e k\u00ebtij gjenocidi t\u00eb pam\u00ebshirsh\u00ebm.<\/p>\n<p>Duhet t\u00eb nd\u00ebrgjegj\u00ebsohemi e p\u00ebrgjegj\u00ebsohemi q\u00eb bashk\u00ebjetes\u00ebn etnike-fetare dhe kulturore ta ruajm\u00eb e ta forcojm\u00eb, pa lejuar ask\u00ebnd t\u00eb helmoj\u00eb dhe t\u00eb p\u00ebr\u00e7aj\u00eb popujt dhe kombet tona, n\u00eb m\u00ebnyr\u00eb q\u00eb tragjedi t\u00eb tilla t\u2019i p\u00ebrkasin vet\u00ebm t\u00eb kaluar\u00ebs s\u00eb hidhur t\u00eb historis\u00eb s\u00eb rajonit ton\u00eb.<br \/>\nKjo foto e qytetit t\u00eb bukur t\u00eb Sarajev\u00ebs, ku harmonizon natyrsh\u00ebm objektet e besimeve t\u00eb ndryshme fetare, t\u00eb sh\u00ebrbej\u00eb p\u00ebr t\u00eb ecur p\u00ebrpara drejt t\u00eb ardhmes se p\u00ebrbashk\u00ebt n\u00eb Bashkimin Europian, duke evidentuar edhe trash\u00ebgimin\u00eb historike t\u00eb bashk\u00ebjetes\u00ebs mes kombeve dhe popujve t\u00eb rajonit ton\u00eb.<\/p>\n<p>&nbsp;<\/p>\n","protected":false},"excerpt":{"rendered":"<p>Presidenti i Republik\u00ebs Ilir Meta ka reaguar me nj\u00eb sh\u00ebnim n\u00eb fqen e tij n\u00eb facebook p\u00ebr masakr\u00ebn e para 24 viteve n\u00eb Srebrenic\u00eb. \u201cDuhet t\u00eb nd\u00ebrgjegj\u00ebsohemi e p\u00ebrgjegj\u00ebsohemi q\u00eb bashk\u00ebjetes\u00ebn etnike-fetare dhe kulturore ta ruajm\u00eb e ta forcojm\u00eb, pa lejuar ask\u00ebnd t\u00eb helmoj\u00eb dhe t\u00eb p\u00ebr\u00e7aj\u00eb popujt dhe kombet tona, n\u00eb m\u00ebnyr\u00eb q\u00eb tragjedi [&hellip;]<\/p>\n","protected":false},"author":2013,"featured_media":95552,"comment_status":"open","ping_status":"closed","sticky":false,"template":"","format":"standard","meta":{"footnotes":""},"categories":[241,235],"tags":[],"class_list":{"0":"post-95550","1":"post","2":"type-post","3":"status-publish","4":"format-standard","5":"has-post-thumbnail","7":"category-aktualitet","8":"category-vendi"},"_links":{"self":[{"href":"https:\/\/zjarr.tv\/sq\/wp-json\/wp\/v2\/posts\/95550","targetHints":{"allow":["GET"]}}],"collection":[{"href":"https:\/\/zjarr.tv\/sq\/wp-json\/wp\/v2\/posts"}],"about":[{"href":"https:\/\/zjarr.tv\/sq\/wp-json\/wp\/v2\/types\/post"}],"author":[{"embeddable":true,"href":"https:\/\/zjarr.tv\/sq\/wp-json\/wp\/v2\/users\/2013"}],"replies":[{"embeddable":true,"href":"https:\/\/zjarr.tv\/sq\/wp-json\/wp\/v2\/comments?post=95550"}],"version-history":[{"count":0,"href":"https:\/\/zjarr.tv\/sq\/wp-json\/wp\/v2\/posts\/95550\/revisions"}],"wp:featuredmedia":[{"embeddable":true,"href":"https:\/\/zjarr.tv\/sq\/wp-json\/wp\/v2\/media\/95552"}],"wp:attachment":[{"href":"https:\/\/zjarr.tv\/sq\/wp-json\/wp\/v2\/media?parent=95550"}],"wp:term":[{"taxonomy":"category","embeddable":true,"href":"https:\/\/zjarr.tv\/sq\/wp-json\/wp\/v2\/categories?post=95550"},{"taxonomy":"post_tag","embeddable":true,"href":"https:\/\/zjarr.tv\/sq\/wp-json\/wp\/v2\/tags?post=95550"}],"curies":[{"name":"wp","href":"https:\/\/api.w.org\/{rel}","templated":true}]}}