{"id":95560,"date":"2019-07-11T15:21:45","date_gmt":"2019-07-11T13:21:45","guid":{"rendered":"https:\/\/zjarr.tv\/?p=95560"},"modified":"2019-07-11T15:21:45","modified_gmt":"2019-07-11T13:21:45","slug":"brace-mesazh-te-prere-bashes","status":"publish","type":"post","link":"https:\/\/zjarr.tv\/sq\/brace-mesazh-te-prere-bashes\/","title":{"rendered":"Bra\u00e7e mesazh t\u00eb prer\u00eb Bash\u00ebs"},"content":{"rendered":"<p>Z\u00ebvend\u00ebskryeministri Erjon Bra\u00e7e ka sulmuar ashp\u00ebr kryetarin e Partis\u00eb Demokratike, Lulzim Basha, i cili gjat\u00eb takimit t\u00eb zhvilluar sot n\u00eb Selenic\u00eb \u00ebsht\u00eb shprehur se nuk lufton p\u00ebr karrige.<\/p>\n<p>N\u00eb reagimin e tij, Bra\u00e7e i k\u00ebrkon Bash\u00ebs t\u00eb marr\u00eb p\u00ebr veshi kryebashkiakun e Selenic\u00ebs dhe t\u00eb \u00e7ojn\u00eb b*th\u00ebn nga karrigia partiake e t\u00eb shkojn\u00eb t\u00eb nd\u00ebrrojn\u00eb transformatorin nga merr energji pompa e uj\u00ebsjell\u00ebsit.<\/p>\n<p>Sipas zv.kryeministrit, Selenica ka shtat\u00eb dit\u00eb pa uj\u00eb dhe kryetari i PD as q\u00eb mendon p\u00ebr k\u00ebt\u00eb.<\/p>\n<p>\u201cTI LYRZIM NUK PO LUFTON PER KARRIGE? TI LYRZIM PO LUFTON PER INTERESIN PUBLIK?<br \/>\nE ke seriozisht kid? Atehere, merre per veshi ate Papin tend, domethene \u201ckryetarin legjitim\u201d te Selenices, te dy bashke coni bythen nga karrigia partiake e tavolina po e tille, shkoni e nderroni transformatorin nga merr energji pompa e ujesjellesit se meruat Selenicen;<\/p>\n<p>Ka 7 dite pa uje dhe Papi yt legjitim as qe mendon per kete! Ujesjellesi eshte ne pronesi te tij, pompen e dogji se e linte dite nate ndezur e pa kontroll; Pompem e re ja bleme dhe ja vendosem ne, Qeeeeeveeeeeriiiiiiiiiiiiaaaa!<\/p>\n<p>Tani lerini denglat me e ne karrige e nderroni transformatorin se edhe ate e keni djegur! Ky eshte interes publik! Bejeni tani meqe qenkeni ne Selenice! Ndryshe e bejme ne, por ti e ju hani peshk pas kesaj!\u201d, shkruan Bra\u00e7e.<\/p>\n<p>&nbsp;<\/p>\n","protected":false},"excerpt":{"rendered":"<p>Z\u00ebvend\u00ebskryeministri Erjon Bra\u00e7e ka sulmuar ashp\u00ebr kryetarin e Partis\u00eb Demokratike, Lulzim Basha, i cili gjat\u00eb takimit t\u00eb zhvilluar sot n\u00eb Selenic\u00eb \u00ebsht\u00eb shprehur se nuk lufton p\u00ebr karrige. N\u00eb reagimin e tij, Bra\u00e7e i k\u00ebrkon Bash\u00ebs t\u00eb marr\u00eb p\u00ebr veshi kryebashkiakun e Selenic\u00ebs dhe t\u00eb \u00e7ojn\u00eb b*th\u00ebn nga karrigia partiake e t\u00eb shkojn\u00eb t\u00eb nd\u00ebrrojn\u00eb [&hellip;]<\/p>\n","protected":false},"author":2013,"featured_media":69795,"comment_status":"open","ping_status":"closed","sticky":false,"template":"","format":"standard","meta":{"footnotes":""},"categories":[241,235],"tags":[],"class_list":{"0":"post-95560","1":"post","2":"type-post","3":"status-publish","4":"format-standard","5":"has-post-thumbnail","7":"category-aktualitet","8":"category-vendi"},"_links":{"self":[{"href":"https:\/\/zjarr.tv\/sq\/wp-json\/wp\/v2\/posts\/95560","targetHints":{"allow":["GET"]}}],"collection":[{"href":"https:\/\/zjarr.tv\/sq\/wp-json\/wp\/v2\/posts"}],"about":[{"href":"https:\/\/zjarr.tv\/sq\/wp-json\/wp\/v2\/types\/post"}],"author":[{"embeddable":true,"href":"https:\/\/zjarr.tv\/sq\/wp-json\/wp\/v2\/users\/2013"}],"replies":[{"embeddable":true,"href":"https:\/\/zjarr.tv\/sq\/wp-json\/wp\/v2\/comments?post=95560"}],"version-history":[{"count":0,"href":"https:\/\/zjarr.tv\/sq\/wp-json\/wp\/v2\/posts\/95560\/revisions"}],"wp:featuredmedia":[{"embeddable":true,"href":"https:\/\/zjarr.tv\/sq\/wp-json\/wp\/v2\/media\/69795"}],"wp:attachment":[{"href":"https:\/\/zjarr.tv\/sq\/wp-json\/wp\/v2\/media?parent=95560"}],"wp:term":[{"taxonomy":"category","embeddable":true,"href":"https:\/\/zjarr.tv\/sq\/wp-json\/wp\/v2\/categories?post=95560"},{"taxonomy":"post_tag","embeddable":true,"href":"https:\/\/zjarr.tv\/sq\/wp-json\/wp\/v2\/tags?post=95560"}],"curies":[{"name":"wp","href":"https:\/\/api.w.org\/{rel}","templated":true}]}}