{"id":95562,"date":"2019-07-11T15:22:49","date_gmt":"2019-07-11T13:22:49","guid":{"rendered":"https:\/\/zjarr.tv\/?p=95562"},"modified":"2019-07-11T15:22:49","modified_gmt":"2019-07-11T13:22:49","slug":"i-hapet-rruge-arrestimit-te-deputeteve-pa-prova-ne-kuvend","status":"publish","type":"post","link":"https:\/\/zjarr.tv\/sq\/i-hapet-rruge-arrestimit-te-deputeteve-pa-prova-ne-kuvend\/","title":{"rendered":"I hapet rrug\u00eb arrestimit t\u00eb deputet\u00ebve pa prova n\u00eb Kuvend"},"content":{"rendered":"<p>Partia Socialiste \u00ebsht\u00eb t\u00ebrhequr nga propozimi p\u00ebr t\u00eb ndryshuar rregulloren e Kuvendit, q\u00eb detyronte Prokurorin\u00eb t\u00eb paraqiste prova p\u00ebr autorizimin e arrestimit t\u00eb deputet\u00ebve.<\/p>\n<p>Nisma ishte propozuar koh\u00eb m\u00eb par\u00eb nga kreu i grupit t\u00eb PS, Taulant Balla, por sot kreu i Komisionit t\u00eb Ligjeve, Ulsi Manja, njoftoi se PS \u00ebsht\u00eb t\u00ebrhequr. Gjat\u00eb mbledhjes s\u00eb sotme t\u00eb k\u00ebtij komisioni, Manja argumentoi se PS ka b\u00ebr\u00eb nj\u00eb hap pas p\u00ebr t\u00eb shmangur debatin politik.<\/p>\n<p>Propozimi i PS-s\u00eb synonte q\u00eb n\u00eb Rregulloren e Kuvendit t\u00eb specifikohej q\u00eb Prokuroria t\u00eb jap\u00eb prova n\u00eb K\u00ebshillin e Mandateve kur k\u00ebrkon heqje imuniteti p\u00ebr nj\u00eb deputet.<\/p>\n<p>Kjo nism\u00eb e PS u shoq\u00ebrua me debate t\u00eb forta politike n\u00eb at\u00eb koh\u00eb dhe u kund\u00ebrshtua nga PD, pasi n\u00eb rastin e k\u00ebrkes\u00ebs s\u00eb Prokuroris\u00eb p\u00ebr t\u00eb arrestuar ish-deputetin Saimir Tahiri, deputet\u00ebt e PS k\u00ebrkuan paraqitjen e provave dhe nuk e dhan\u00eb autorizimin p\u00ebr arrestimin e tij, edhe pse, deputet\u00ebt nuk g\u00ebzojn\u00eb imunitet<\/p>\n<p>&nbsp;<\/p>\n","protected":false},"excerpt":{"rendered":"<p>Partia Socialiste \u00ebsht\u00eb t\u00ebrhequr nga propozimi p\u00ebr t\u00eb ndryshuar rregulloren e Kuvendit, q\u00eb detyronte Prokurorin\u00eb t\u00eb paraqiste prova p\u00ebr autorizimin e arrestimit t\u00eb deputet\u00ebve. Nisma ishte propozuar koh\u00eb m\u00eb par\u00eb nga kreu i grupit t\u00eb PS, Taulant Balla, por sot kreu i Komisionit t\u00eb Ligjeve, Ulsi Manja, njoftoi se PS \u00ebsht\u00eb t\u00ebrhequr. Gjat\u00eb mbledhjes s\u00eb [&hellip;]<\/p>\n","protected":false},"author":2013,"featured_media":95563,"comment_status":"open","ping_status":"closed","sticky":false,"template":"","format":"standard","meta":{"footnotes":""},"categories":[241,235],"tags":[],"class_list":{"0":"post-95562","1":"post","2":"type-post","3":"status-publish","4":"format-standard","5":"has-post-thumbnail","7":"category-aktualitet","8":"category-vendi"},"_links":{"self":[{"href":"https:\/\/zjarr.tv\/sq\/wp-json\/wp\/v2\/posts\/95562","targetHints":{"allow":["GET"]}}],"collection":[{"href":"https:\/\/zjarr.tv\/sq\/wp-json\/wp\/v2\/posts"}],"about":[{"href":"https:\/\/zjarr.tv\/sq\/wp-json\/wp\/v2\/types\/post"}],"author":[{"embeddable":true,"href":"https:\/\/zjarr.tv\/sq\/wp-json\/wp\/v2\/users\/2013"}],"replies":[{"embeddable":true,"href":"https:\/\/zjarr.tv\/sq\/wp-json\/wp\/v2\/comments?post=95562"}],"version-history":[{"count":0,"href":"https:\/\/zjarr.tv\/sq\/wp-json\/wp\/v2\/posts\/95562\/revisions"}],"wp:featuredmedia":[{"embeddable":true,"href":"https:\/\/zjarr.tv\/sq\/wp-json\/wp\/v2\/media\/95563"}],"wp:attachment":[{"href":"https:\/\/zjarr.tv\/sq\/wp-json\/wp\/v2\/media?parent=95562"}],"wp:term":[{"taxonomy":"category","embeddable":true,"href":"https:\/\/zjarr.tv\/sq\/wp-json\/wp\/v2\/categories?post=95562"},{"taxonomy":"post_tag","embeddable":true,"href":"https:\/\/zjarr.tv\/sq\/wp-json\/wp\/v2\/tags?post=95562"}],"curies":[{"name":"wp","href":"https:\/\/api.w.org\/{rel}","templated":true}]}}