{"id":95574,"date":"2019-07-11T19:30:15","date_gmt":"2019-07-11T17:30:15","guid":{"rendered":"https:\/\/zjarr.tv\/?p=95574"},"modified":"2019-07-11T15:37:44","modified_gmt":"2019-07-11T13:37:44","slug":"e-nominuara-per-presidente-te-ke-se-shpreson-te-mos-ndodhe-brexit-i","status":"publish","type":"post","link":"https:\/\/zjarr.tv\/sq\/e-nominuara-per-presidente-te-ke-se-shpreson-te-mos-ndodhe-brexit-i\/","title":{"rendered":"E nominuara p\u00ebr presidente t\u00eb KE-s\u00eb shpreson t\u00eb mos ndodh\u00eb Brexit-i"},"content":{"rendered":"<p>Ursula von der Leyen, e nominuar p\u00ebr presidente t\u00eb Komisionit Evropian, tha se shpreson se Mbret\u00ebria e Bashkuar i braktis planet e saj p\u00ebr dalje nga Bashkimi Evropian, apo Brexit.<\/p>\n<p>&#8220;Vazhdoj t\u00eb shpresoj se ju do t\u00eb mbeteni&#8221;, tha von der Leyen.<\/p>\n<p>Ajo foli t\u00eb m\u00ebrkur\u00ebn n\u00eb nj\u00eb seanc\u00eb t\u00eb Paralmentit Evropian, p\u00ebrpara votimit t\u00eb saj jav\u00ebn e ardhshme.<\/p>\n<p>Von der Leyen po ashtu tha se marr\u00ebveshja p\u00ebr Brexit, e negociuar nga kryeministrja n\u00eb largim e Britanis\u00eb, Theresa May, dhe udh\u00ebheq\u00ebsit e BE-s\u00eb, \u00ebsht\u00eb &#8220;e mir\u00eb&#8221;.<\/p>\n<p>Kjo marr\u00ebveshje, megjithat\u00eb, \u00ebsht\u00eb refuzuar tri her\u00eb nga Parlamenti britanik &#8211; gj\u00eb q\u00eb ka \u00e7uar kryeministren May t\u00eb t\u00ebrhiqet.<\/p>\n<p>Von der Leyen u zotua se do ta b\u00ebj\u00eb BE-n\u00eb m\u00eb ambicioze p\u00ebr ndryshimet klimatike dhe se do t\u00eb p\u00ebrpiqet p\u00ebr m\u00eb shum\u00eb balanc\u00eb gjinore brenda bllokut.<\/p>\n<p>Von der Leyen, e cila aktualisht \u00ebsht\u00eb ministre e Mbrojtjes e Gjermanis\u00eb, do t\u00eb marr\u00eb detyr\u00ebn nga Jean-Claude Juncker, m\u00eb 1 n\u00ebntor, n\u00ebse miratohet nga Parlamenti Evropian.<\/p>\n<p>N\u00ebse kjo ndodh, ajo do t\u00eb b\u00ebhet gruaja e par\u00eb n\u00eb k\u00ebt\u00eb post t\u00eb BE-s\u00eb.\/Rel<\/p>\n<p>&nbsp;<\/p>\n","protected":false},"excerpt":{"rendered":"<p>Ursula von der Leyen, e nominuar p\u00ebr presidente t\u00eb Komisionit Evropian, tha se shpreson se Mbret\u00ebria e Bashkuar i braktis planet e saj p\u00ebr dalje nga Bashkimi Evropian, apo Brexit. &#8220;Vazhdoj t\u00eb shpresoj se ju do t\u00eb mbeteni&#8221;, tha von der Leyen. Ajo foli t\u00eb m\u00ebrkur\u00ebn n\u00eb nj\u00eb seanc\u00eb t\u00eb Paralmentit Evropian, p\u00ebrpara votimit t\u00eb [&hellip;]<\/p>\n","protected":false},"author":2013,"featured_media":95575,"comment_status":"open","ping_status":"closed","sticky":false,"template":"","format":"standard","meta":{"footnotes":""},"categories":[241,191],"tags":[],"class_list":{"0":"post-95574","1":"post","2":"type-post","3":"status-publish","4":"format-standard","5":"has-post-thumbnail","7":"category-aktualitet","8":"category-bota"},"_links":{"self":[{"href":"https:\/\/zjarr.tv\/sq\/wp-json\/wp\/v2\/posts\/95574","targetHints":{"allow":["GET"]}}],"collection":[{"href":"https:\/\/zjarr.tv\/sq\/wp-json\/wp\/v2\/posts"}],"about":[{"href":"https:\/\/zjarr.tv\/sq\/wp-json\/wp\/v2\/types\/post"}],"author":[{"embeddable":true,"href":"https:\/\/zjarr.tv\/sq\/wp-json\/wp\/v2\/users\/2013"}],"replies":[{"embeddable":true,"href":"https:\/\/zjarr.tv\/sq\/wp-json\/wp\/v2\/comments?post=95574"}],"version-history":[{"count":0,"href":"https:\/\/zjarr.tv\/sq\/wp-json\/wp\/v2\/posts\/95574\/revisions"}],"wp:featuredmedia":[{"embeddable":true,"href":"https:\/\/zjarr.tv\/sq\/wp-json\/wp\/v2\/media\/95575"}],"wp:attachment":[{"href":"https:\/\/zjarr.tv\/sq\/wp-json\/wp\/v2\/media?parent=95574"}],"wp:term":[{"taxonomy":"category","embeddable":true,"href":"https:\/\/zjarr.tv\/sq\/wp-json\/wp\/v2\/categories?post=95574"},{"taxonomy":"post_tag","embeddable":true,"href":"https:\/\/zjarr.tv\/sq\/wp-json\/wp\/v2\/tags?post=95574"}],"curies":[{"name":"wp","href":"https:\/\/api.w.org\/{rel}","templated":true}]}}