{"id":95580,"date":"2019-07-11T19:50:42","date_gmt":"2019-07-11T17:50:42","guid":{"rendered":"https:\/\/zjarr.tv\/?p=95580"},"modified":"2019-07-11T15:40:13","modified_gmt":"2019-07-11T13:40:13","slug":"zarf-me-plumb-serish-per-ministrin-salvini","status":"publish","type":"post","link":"https:\/\/zjarr.tv\/sq\/zarf-me-plumb-serish-per-ministrin-salvini\/","title":{"rendered":"Zarf me plumb s\u00ebrish p\u00ebr ministrin Salvini"},"content":{"rendered":"<p>Ministri i brendsh\u00ebm italian Matteo Salvini, k\u00ebrc\u00ebnohet p\u00ebrs\u00ebri nga persona ende t\u00eb paidentifikuar.<\/p>\n<p>Nj\u00eb zarf anonim me nj\u00eb plumb t\u00eb kalibrit 22 mm ishte adresuar ministrit, nj\u00ebher\u00ebsh z\u00ebvend\u00ebs kryeministrit italian.<\/p>\n<p>Zarf i dyshimt\u00eb u sekuestrua n\u00eb sh\u00ebrbimin postal t\u00eb komun\u00ebs Sesto Fiorentino n\u00eb provinc\u00ebn e Firences.<\/p>\n<p>Plumbi ishte i mb\u00ebshtjell\u00eb nga nj\u00eb let\u00ebr alumini e zarfi \u00ebsht\u00eb marr\u00eb p\u00ebr t&#8221;u analizuar nga policia.<\/p>\n<p><em>&#8220;Mbi 100 k\u00ebrc\u00ebnime me vdekje kam marr\u00eb q\u00eb nga dita kur u b\u00ebra minist\u00ebr&#8221;,<\/em>\u00a0ka komentuar ministri Salvini.<\/p>\n<p><em>&#8220;\u00cbsht\u00eb e qart\u00eb se fjal\u00ebt e urrejtjes shprehur nga nj\u00eb tip i majt, bindin disa mendje t\u00eb s\u00ebmura, por q\u00eb natyrisht nuk m\u00eb trembin. P\u00ebrkundrazi m\u00eb japin m\u00eb forc\u00eb p\u00ebr t\u00eb luftuar kriminel\u00eb t\u00eb \u00e7do tipi,&#8221;-<\/em>ka deklaruar ai.<\/p>\n<p>Pak muaj m\u00eb par\u00eb nj\u00eb tjet\u00ebr zarf \u00a0me fjal\u00eb k\u00ebrc\u00ebnuese ku deklaronin se ishin shqiptar\u00eb \u00a0i \u00ebsht\u00eb adresuar ministrit Salvini. Por deri m\u00eb tani nuk ka asnj\u00eb informacion mbi zbardhjen e autor\u00ebve t\u00eb letr\u00ebs k\u00ebrc\u00ebnuese.<\/p>\n<p>&nbsp;<\/p>\n","protected":false},"excerpt":{"rendered":"<p>Ministri i brendsh\u00ebm italian Matteo Salvini, k\u00ebrc\u00ebnohet p\u00ebrs\u00ebri nga persona ende t\u00eb paidentifikuar. Nj\u00eb zarf anonim me nj\u00eb plumb t\u00eb kalibrit 22 mm ishte adresuar ministrit, nj\u00ebher\u00ebsh z\u00ebvend\u00ebs kryeministrit italian. Zarf i dyshimt\u00eb u sekuestrua n\u00eb sh\u00ebrbimin postal t\u00eb komun\u00ebs Sesto Fiorentino n\u00eb provinc\u00ebn e Firences. Plumbi ishte i mb\u00ebshtjell\u00eb nga nj\u00eb let\u00ebr alumini e [&hellip;]<\/p>\n","protected":false},"author":2013,"featured_media":0,"comment_status":"open","ping_status":"closed","sticky":false,"template":"","format":"standard","meta":{"footnotes":""},"categories":[241,191],"tags":[],"class_list":{"0":"post-95580","1":"post","2":"type-post","3":"status-publish","4":"format-standard","6":"category-aktualitet","7":"category-bota"},"_links":{"self":[{"href":"https:\/\/zjarr.tv\/sq\/wp-json\/wp\/v2\/posts\/95580","targetHints":{"allow":["GET"]}}],"collection":[{"href":"https:\/\/zjarr.tv\/sq\/wp-json\/wp\/v2\/posts"}],"about":[{"href":"https:\/\/zjarr.tv\/sq\/wp-json\/wp\/v2\/types\/post"}],"author":[{"embeddable":true,"href":"https:\/\/zjarr.tv\/sq\/wp-json\/wp\/v2\/users\/2013"}],"replies":[{"embeddable":true,"href":"https:\/\/zjarr.tv\/sq\/wp-json\/wp\/v2\/comments?post=95580"}],"version-history":[{"count":0,"href":"https:\/\/zjarr.tv\/sq\/wp-json\/wp\/v2\/posts\/95580\/revisions"}],"wp:attachment":[{"href":"https:\/\/zjarr.tv\/sq\/wp-json\/wp\/v2\/media?parent=95580"}],"wp:term":[{"taxonomy":"category","embeddable":true,"href":"https:\/\/zjarr.tv\/sq\/wp-json\/wp\/v2\/categories?post=95580"},{"taxonomy":"post_tag","embeddable":true,"href":"https:\/\/zjarr.tv\/sq\/wp-json\/wp\/v2\/tags?post=95580"}],"curies":[{"name":"wp","href":"https:\/\/api.w.org\/{rel}","templated":true}]}}