{"id":95624,"date":"2019-07-11T16:45:15","date_gmt":"2019-07-11T14:45:15","guid":{"rendered":"https:\/\/zjarr.tv\/?p=95624"},"modified":"2019-07-11T16:45:15","modified_gmt":"2019-07-11T14:45:15","slug":"shehaj-takse-apo-tarife-shqiptaret-do-ta-paguajne-me-shtrenjte-karburantin","status":"publish","type":"post","link":"https:\/\/zjarr.tv\/sq\/shehaj-takse-apo-tarife-shqiptaret-do-ta-paguajne-me-shtrenjte-karburantin\/","title":{"rendered":"Shehaj: Taks\u00eb apo tarif\u00eb, shqiptar\u00ebt do ta paguajn\u00eb m\u00eb shtrenjt\u00eb karburantin"},"content":{"rendered":"<p>Ish deputeti i PD, Agron Shehaj ka reaguar lidhur me vendimin e ri t\u00eb qeveris\u00eb p\u00ebr t\u00eb vendosur nj\u00eb taks\u00eb t\u00eb re mbi karburantet.<\/p>\n<p>Teksa publikon ligjin e ri, Shehaj e quan kryeministrin Edi Rama nj\u00eb mashtrues, i cili po g\u00ebnjen nj\u00ebsoj si p\u00ebr taks\u00ebn e Rrug\u00ebs s\u00eb Kombit.<\/p>\n<p>Sipas Shehajt, taks\u00eb apo tarif\u00eb, shqiptar\u00ebt do ta paguajn\u00eb m\u00eb shtrenjt\u00eb karburantin.<\/p>\n<p><strong>Postimi i plot\u00eb i Agron Shehaj:<\/strong><\/p>\n<p>Qeveria mashtron qytetar\u00ebt duke mohuar taks\u00ebn e re mbi naft\u00ebn.<\/p>\n<p>Ligji i ri parashikon shprehimisht q\u00eb burimi financiar i agjencis\u00eb mbi menaxhimin e rezervave t\u00eb naft\u00ebs do t\u00eb jet\u00eb: \u201cTarifat e krijimit dhe mbajtjes se rezerv\u00ebs se siguris\u00eb q\u00eb aplikohen mbi sasit\u00eb e produkteve energjetike hidrokarbure q\u00eb shiten n\u00eb Republik\u00ebn e Shqip\u00ebris\u00eb..&#8221;<br \/>\ndhe &#8220;K\u00ebshilli i Ministrave, me propozimin e ministrit, vendos tarifat e p\u00ebrmendura n\u00eb pik\u00ebn 1.1..&#8221;<\/p>\n<p>Rama b\u00ebn lojra fjal\u00ebsh. Edhe taks\u00ebn prej 5 eurosh t\u00eb Rrug\u00ebs s\u00eb Kombit e quajti tarif\u00eb por pak r\u00ebnd\u00ebsi ka si e quan.<\/p>\n<p>E v\u00ebrteta \u00ebsht\u00eb q\u00eb kemi t\u00eb b\u00ebjm\u00eb me taks\u00ebn e radh\u00ebs p\u00ebr sh\u00ebrbime t\u00eb panevojshme, q\u00eb nuk ka p\u00ebr q\u00ebllim rritjen e cil\u00ebsis\u00eb s\u00eb jet\u00ebs s\u00eb qytetar\u00ebve por vet\u00ebm nj\u00eb m\u00ebnyr\u00eb t\u00eb re p\u00ebr t\u00eb pasuruar veten dhe miqt\u00eb e tij oligark\u00eb n\u00eb kurriz t\u00eb popullit me t\u00eb varf\u00ebr n\u00eb Europ\u00eb.<\/p>\n<p>Qeveria Rama ka nd\u00ebrmarr\u00eb nj\u00eb tjet\u00ebr nism\u00eb \u00a0q\u00eb do t\u00eb r\u00ebndoj\u00eb xhepat e qytetar\u00ebve.<\/p>\n<p>N\u00ebse ky ligj hyn n\u00eb fuqi at\u00ebher\u00eb \u00e7mimi i naft\u00ebs do t\u00eb rritet me 20 lek\u00eb p\u00ebr lit\u00ebr.<\/p>\n<p>&nbsp;<\/p>\n","protected":false},"excerpt":{"rendered":"<p>Ish deputeti i PD, Agron Shehaj ka reaguar lidhur me vendimin e ri t\u00eb qeveris\u00eb p\u00ebr t\u00eb vendosur nj\u00eb taks\u00eb t\u00eb re mbi karburantet. Teksa publikon ligjin e ri, Shehaj e quan kryeministrin Edi Rama nj\u00eb mashtrues, i cili po g\u00ebnjen nj\u00ebsoj si p\u00ebr taks\u00ebn e Rrug\u00ebs s\u00eb Kombit. Sipas Shehajt, taks\u00eb apo tarif\u00eb, shqiptar\u00ebt [&hellip;]<\/p>\n","protected":false},"author":2013,"featured_media":69364,"comment_status":"open","ping_status":"closed","sticky":false,"template":"","format":"standard","meta":{"footnotes":""},"categories":[241,235],"tags":[],"class_list":{"0":"post-95624","1":"post","2":"type-post","3":"status-publish","4":"format-standard","5":"has-post-thumbnail","7":"category-aktualitet","8":"category-vendi"},"_links":{"self":[{"href":"https:\/\/zjarr.tv\/sq\/wp-json\/wp\/v2\/posts\/95624","targetHints":{"allow":["GET"]}}],"collection":[{"href":"https:\/\/zjarr.tv\/sq\/wp-json\/wp\/v2\/posts"}],"about":[{"href":"https:\/\/zjarr.tv\/sq\/wp-json\/wp\/v2\/types\/post"}],"author":[{"embeddable":true,"href":"https:\/\/zjarr.tv\/sq\/wp-json\/wp\/v2\/users\/2013"}],"replies":[{"embeddable":true,"href":"https:\/\/zjarr.tv\/sq\/wp-json\/wp\/v2\/comments?post=95624"}],"version-history":[{"count":0,"href":"https:\/\/zjarr.tv\/sq\/wp-json\/wp\/v2\/posts\/95624\/revisions"}],"wp:featuredmedia":[{"embeddable":true,"href":"https:\/\/zjarr.tv\/sq\/wp-json\/wp\/v2\/media\/69364"}],"wp:attachment":[{"href":"https:\/\/zjarr.tv\/sq\/wp-json\/wp\/v2\/media?parent=95624"}],"wp:term":[{"taxonomy":"category","embeddable":true,"href":"https:\/\/zjarr.tv\/sq\/wp-json\/wp\/v2\/categories?post=95624"},{"taxonomy":"post_tag","embeddable":true,"href":"https:\/\/zjarr.tv\/sq\/wp-json\/wp\/v2\/tags?post=95624"}],"curies":[{"name":"wp","href":"https:\/\/api.w.org\/{rel}","templated":true}]}}