{"id":95632,"date":"2019-07-11T17:09:56","date_gmt":"2019-07-11T15:09:56","guid":{"rendered":"https:\/\/zjarr.tv\/?p=95632"},"modified":"2019-07-11T17:09:56","modified_gmt":"2019-07-11T15:09:56","slug":"ylli-manjani-ironi-me-check-up-nuk-ka-zbuluar-asnje-semundje","status":"publish","type":"post","link":"https:\/\/zjarr.tv\/sq\/ylli-manjani-ironi-me-check-up-nuk-ka-zbuluar-asnje-semundje\/","title":{"rendered":"Ylli Manjani ironi me \u201cCheck up\u201d: Nuk ka zbuluar asnj\u00eb s\u00ebmundje"},"content":{"rendered":"<p>Ish-ministri i Drejt\u00ebsis\u00eb Ylli Manjani ka ironizuar me \u201cCheck up\u201d apo si\u00e7 njihet ndryshe si kontrolli baz\u00eb i sh\u00ebndetit. Me nj\u00eb sh\u00ebnim n\u00eb \u201cFacebook\u201d, Manjani shkruan se nuk ka d\u00ebgjuar deri sot, q\u00eb shteti t\u00eb dal\u00eb dhe t\u00eb njoftoj\u00eb se \u00e7far\u00eb s\u00ebmundjesh ka zbuluar pas kontrolleve q\u00eb ai ka kryer.<\/p>\n<p>Ironia e ish-ministrit shkon m\u00eb tej kur thot\u00eb se\u00a0 \u201cCheck up\u201d jo vet\u00ebm q\u00eb nuk ka zbuluar asnj\u00eb s\u00ebmundje, por ua ka \u201cfshir\u00eb\u201d edhe s\u00ebmundjet q\u00eb kishin qytetar\u00ebt. Sipas tij, shtetit nuk ka kryer asnj\u00eb kontroll dhe nuk ka asnj\u00eb raport p\u00ebr t\u00eb mbik\u00ebqyrur pun\u00ebn e b\u00ebr\u00eb nga kompania, e cila ka fituar t\u00eb drejt\u00ebn p\u00ebr t\u00eb kryer kontrollin baz\u00eb t\u00eb sh\u00ebndetit n\u00eb t\u00eb gjith\u00eb Shqip\u00ebrin\u00eb.<\/p>\n<p>Postimi i Manjanit:<\/p>\n<p>Check up\u2026<\/p>\n<p>======<\/p>\n<p>Nuk kam d\u00ebgjuar asnj\u00eb, q\u00eb pasi ka b\u00ebr\u00eb check up e shtetit, t\u00eb thot\u00eb se zbuloi ndonj\u00eb s\u00ebmundje. Madje edhe s\u00ebmundjet q\u00eb i din\u00eb njer\u00ebzit se i kan\u00eb, check up ua fshin\u2026. Kjo kategori dalin disi \u201ct\u00eb lumtur\u201d. Kam d\u00ebgjuar edhe raste t\u00eb tjera q\u00eb 1 muaj pas check up jan\u00eb diagnostifikuar me kancer.<\/p>\n<p>Nuk kam asnj\u00eb ngarkes\u00eb negative me kompanin\u00eb, por me t\u00eb gjith\u00eb struktur\u00ebn e shetit q\u00eb lidhi nj\u00eb kontrat\u00eb t\u00eb till\u00eb dhe q\u00eb nuk e mbikqyr se \u00e7b\u00ebhet!!!.<\/p>\n<p>&nbsp;<\/p>\n","protected":false},"excerpt":{"rendered":"<p>Ish-ministri i Drejt\u00ebsis\u00eb Ylli Manjani ka ironizuar me \u201cCheck up\u201d apo si\u00e7 njihet ndryshe si kontrolli baz\u00eb i sh\u00ebndetit. Me nj\u00eb sh\u00ebnim n\u00eb \u201cFacebook\u201d, Manjani shkruan se nuk ka d\u00ebgjuar deri sot, q\u00eb shteti t\u00eb dal\u00eb dhe t\u00eb njoftoj\u00eb se \u00e7far\u00eb s\u00ebmundjesh ka zbuluar pas kontrolleve q\u00eb ai ka kryer. Ironia e ish-ministrit shkon m\u00eb [&hellip;]<\/p>\n","protected":false},"author":2013,"featured_media":57055,"comment_status":"open","ping_status":"closed","sticky":false,"template":"","format":"standard","meta":{"footnotes":""},"categories":[241,235],"tags":[],"class_list":{"0":"post-95632","1":"post","2":"type-post","3":"status-publish","4":"format-standard","5":"has-post-thumbnail","7":"category-aktualitet","8":"category-vendi"},"_links":{"self":[{"href":"https:\/\/zjarr.tv\/sq\/wp-json\/wp\/v2\/posts\/95632","targetHints":{"allow":["GET"]}}],"collection":[{"href":"https:\/\/zjarr.tv\/sq\/wp-json\/wp\/v2\/posts"}],"about":[{"href":"https:\/\/zjarr.tv\/sq\/wp-json\/wp\/v2\/types\/post"}],"author":[{"embeddable":true,"href":"https:\/\/zjarr.tv\/sq\/wp-json\/wp\/v2\/users\/2013"}],"replies":[{"embeddable":true,"href":"https:\/\/zjarr.tv\/sq\/wp-json\/wp\/v2\/comments?post=95632"}],"version-history":[{"count":0,"href":"https:\/\/zjarr.tv\/sq\/wp-json\/wp\/v2\/posts\/95632\/revisions"}],"wp:featuredmedia":[{"embeddable":true,"href":"https:\/\/zjarr.tv\/sq\/wp-json\/wp\/v2\/media\/57055"}],"wp:attachment":[{"href":"https:\/\/zjarr.tv\/sq\/wp-json\/wp\/v2\/media?parent=95632"}],"wp:term":[{"taxonomy":"category","embeddable":true,"href":"https:\/\/zjarr.tv\/sq\/wp-json\/wp\/v2\/categories?post=95632"},{"taxonomy":"post_tag","embeddable":true,"href":"https:\/\/zjarr.tv\/sq\/wp-json\/wp\/v2\/tags?post=95632"}],"curies":[{"name":"wp","href":"https:\/\/api.w.org\/{rel}","templated":true}]}}