{"id":95666,"date":"2019-07-11T18:02:56","date_gmt":"2019-07-11T16:02:56","guid":{"rendered":"https:\/\/zjarr.tv\/?p=95666"},"modified":"2019-07-11T18:02:56","modified_gmt":"2019-07-11T16:02:56","slug":"gjonaj-drejtesia-smund-te-asgjesohet-nga-retorika-politike","status":"publish","type":"post","link":"https:\/\/zjarr.tv\/sq\/gjonaj-drejtesia-smund-te-asgjesohet-nga-retorika-politike\/","title":{"rendered":"Gjonaj: Drejt\u00ebsia s&#8217;mund t\u00eb asgj\u00ebsohet nga retorika politike"},"content":{"rendered":"<p><em>&#8220;Debatet politike nj\u00eb dit\u00eb do harrohen kurse reforma n\u00eb drejt\u00ebsi i sh\u00ebrben brezave&#8221;.<\/em>\u00a0K\u00ebshtu u shpreh ministrja e Drejt\u00ebsis\u00eb, Etilda Gjonaj n\u00eb prezantimin e projekt-planit strategjik 2019-2020 p\u00ebr sistemin gjyq\u00ebsor.<\/p>\n<p>Gjat\u00eb fjal\u00ebs s\u00eb saj, ministrja Gjonaj ka v\u00ebn\u00eb theksin te r\u00ebnd\u00ebsia q\u00eb ka kjo iniciativ\u00eb n\u00eb kuad\u00ebr t\u00eb ngritjes s\u00eb institucioneve t\u00eb reja t\u00eb drejt\u00ebsis\u00eb.<\/p>\n<p>Gjonaj n\u00ebnvizoi se<em>\u00a0\u201cprocesi i ngritjes s\u00eb organeve t\u00eb reja tashm\u00eb jan\u00eb n\u00eb faz\u00ebn ku s\u2019ka m\u00eb asnj\u00eb forc\u00eb p\u00ebr t\u2019i penguar n\u00eb ushtrimin e p\u00ebrgjegj\u00ebsis\u00eb s\u00eb tyre kushtetuese dhe ligjore\u201d.\u00a0<\/em><\/p>\n<p>Gjithashtu ajo komentoi telegrafikisht edhe sulmet politike ku tha se\u00a0<em>\u201cata q\u00eb mund\u00ebn ve\u00e7 ta vonojn\u00eb, por kurrsesi ta ndaloj\u00eb, uroj ta ken\u00eb kuptuar se d\u00ebshira dhe nevoja e nj\u00eb populli t\u00eb t\u00ebr\u00eb p\u00ebr drejt\u00ebsi \u00ebsht\u00eb aq e madhe sa s\u2019mund t\u00eb asgj\u00ebsohet nga retorika politike t\u00eb cilat n\u00eb fund t\u00eb dit\u00ebs do t\u00eb harrohen, nd\u00ebrsa t\u00eb nes\u00ebrmes do t\u2019i ngelen ve\u00e7 institucionet e sh\u00ebndetshme t\u00eb nj\u00eb shteti q\u00eb po vrapon drejt familjes evropiane.\u201d<\/em><\/p>\n<p>Ky projekt-plan strategjik u prezantua gjat\u00eb nj\u00eb takimi konstruktiv t\u00eb ministris\u00eb s\u00eb Drejt\u00ebsis\u00eb dhe K\u00ebshillit t\u00eb Lart\u00eb Gjyq\u00ebsor dhe vjen si derivat dhe k\u00ebrkes\u00eb n\u00eb zbatim nga Strategjia nd\u00ebrsektoriale e drejt\u00ebsis\u00eb e miratuar me vendim t\u00eb K\u00ebshillit t\u00eb Ministrave.<\/p>\n<p>&nbsp;<\/p>\n","protected":false},"excerpt":{"rendered":"<p>&#8220;Debatet politike nj\u00eb dit\u00eb do harrohen kurse reforma n\u00eb drejt\u00ebsi i sh\u00ebrben brezave&#8221;.\u00a0K\u00ebshtu u shpreh ministrja e Drejt\u00ebsis\u00eb, Etilda Gjonaj n\u00eb prezantimin e projekt-planit strategjik 2019-2020 p\u00ebr sistemin gjyq\u00ebsor. Gjat\u00eb fjal\u00ebs s\u00eb saj, ministrja Gjonaj ka v\u00ebn\u00eb theksin te r\u00ebnd\u00ebsia q\u00eb ka kjo iniciativ\u00eb n\u00eb kuad\u00ebr t\u00eb ngritjes s\u00eb institucioneve t\u00eb reja t\u00eb drejt\u00ebsis\u00eb. Gjonaj [&hellip;]<\/p>\n","protected":false},"author":2013,"featured_media":95667,"comment_status":"open","ping_status":"closed","sticky":false,"template":"","format":"standard","meta":{"footnotes":""},"categories":[241,235],"tags":[],"class_list":{"0":"post-95666","1":"post","2":"type-post","3":"status-publish","4":"format-standard","5":"has-post-thumbnail","7":"category-aktualitet","8":"category-vendi"},"_links":{"self":[{"href":"https:\/\/zjarr.tv\/sq\/wp-json\/wp\/v2\/posts\/95666","targetHints":{"allow":["GET"]}}],"collection":[{"href":"https:\/\/zjarr.tv\/sq\/wp-json\/wp\/v2\/posts"}],"about":[{"href":"https:\/\/zjarr.tv\/sq\/wp-json\/wp\/v2\/types\/post"}],"author":[{"embeddable":true,"href":"https:\/\/zjarr.tv\/sq\/wp-json\/wp\/v2\/users\/2013"}],"replies":[{"embeddable":true,"href":"https:\/\/zjarr.tv\/sq\/wp-json\/wp\/v2\/comments?post=95666"}],"version-history":[{"count":0,"href":"https:\/\/zjarr.tv\/sq\/wp-json\/wp\/v2\/posts\/95666\/revisions"}],"wp:featuredmedia":[{"embeddable":true,"href":"https:\/\/zjarr.tv\/sq\/wp-json\/wp\/v2\/media\/95667"}],"wp:attachment":[{"href":"https:\/\/zjarr.tv\/sq\/wp-json\/wp\/v2\/media?parent=95666"}],"wp:term":[{"taxonomy":"category","embeddable":true,"href":"https:\/\/zjarr.tv\/sq\/wp-json\/wp\/v2\/categories?post=95666"},{"taxonomy":"post_tag","embeddable":true,"href":"https:\/\/zjarr.tv\/sq\/wp-json\/wp\/v2\/tags?post=95666"}],"curies":[{"name":"wp","href":"https:\/\/api.w.org\/{rel}","templated":true}]}}