{"id":95674,"date":"2019-07-11T18:40:09","date_gmt":"2019-07-11T16:40:09","guid":{"rendered":"https:\/\/zjarr.tv\/?p=95674"},"modified":"2019-07-11T18:19:46","modified_gmt":"2019-07-11T16:19:46","slug":"kadastra-durres-fluks-regjistrimesh-specialistet-ne-terren","status":"publish","type":"post","link":"https:\/\/zjarr.tv\/sq\/kadastra-durres-fluks-regjistrimesh-specialistet-ne-terren\/","title":{"rendered":"Kadastra Durr\u00ebs fluks regjistrimesh, specialist\u00ebt n\u00eb terren"},"content":{"rendered":"<p>Dy institucione t\u00eb r\u00ebnd\u00ebsishme si ALUIZNI dhe Hipoteka n\u00eb Durr\u00ebs jan\u00eb n\u00eb faz\u00eb ristrukturimi dhe riorganizimi me hyrjen n\u00eb fuqi t\u00eb ligjit p\u00ebr krijimin e Agjencis\u00eb Shtet\u00ebrore t\u00eb Kadastr\u00ebs. K\u00ebshtu deklaron drejtori i ASHK Durr\u00ebs Liridon Pula duke treguar numrin e certifikatave t\u00eb pron\u00ebsis\u00eb t\u00eb l\u00ebshuara brenda dy muajsh.<\/p>\n<p>\u201cMe hyrjen n\u00eb fuqi t\u00eb ligjit 111\/2018 institucionet si ALUIZNI dhe ZVRPP Durr\u00ebs, u fut\u00ebn n\u00eb faz\u00ebn e ristrukturimit dhe riogranizimit.<\/p>\n<p>Aktualisht kemi kryer bashkimin de-fakto t\u00eb dy institucioneve dhe ASHK Drejtoria Vendore e Durr\u00ebsit, ndodhet n\u00eb ambientet e ish-ZVRPP-Durr\u00ebs. P\u00ebr 2 muaj p\u00ebrkat\u00ebsisht n\u00eb harkun kohor 08.05.2019-10.07.2019 jan\u00eb l\u00ebshuar 2043 certifikata pron\u00ebsie, nga t\u00eb cilat 348 certifikata t\u00eb p\u00ebrfituara nga regjistrimi i Lejeve t\u00eb Legalizimit. Sipas urdhrit t\u00eb drejtorit t\u00eb p\u00ebrgjithsh\u00ebm, Artan Lame, nr. 2877 dt 10.04.2019 duhet t\u00eb mbyllim vet\u00ebdeklarimet e kryera n\u00eb 2005-2006\u201d, deklaron Pula.<\/p>\n<p>Ai sqaron se specialist\u00ebt e p\u00ebrdit\u00ebsimit t\u00eb terrenit k\u00ebto dit\u00eb ndodhen n\u00eb zon\u00ebn e Durr\u00ebsit t\u00eb ri apo si\u00e7 njihet ndryshe n\u00eb zon\u00ebn e ish-K\u00ebnet\u00ebs. \u201cK\u00ebrkojm\u00eb mb\u00ebshtetjen e t\u00eb gjith\u00eb qytetar\u00ebve t\u00eb mir\u00ebpresin grupet p\u00ebr t\u00eb kryer evidentimet p\u00ebrkat\u00ebse p\u00ebr t\u00eb mbyllur p\u00ebrfundimisht procesin e legalizimit n\u00eb k\u00ebt\u00eb zon\u00eb. P\u00ebr \u00e7do lloj k\u00ebrkese, paqart\u00ebsie jeni t\u00eb lutur t\u00eb paraqiteni pran\u00eb Zyrave t\u00eb ASHK Durr\u00ebs nga ora 08:00-16:00, kontakti do t\u00eb jet\u00eb drejtp\u00ebrdrejt\u00eb me zv. drejtorin, koordinatoren e zyr\u00ebs, pa diskutim dhe me drejtorin n\u00eb rast paqart\u00ebsie\u201d, tha ai.<\/p>\n<p>Sipas drejtorit t\u00eb Kadastr\u00ebs, \u00e7do k\u00ebrkes\u00eb e qytetar\u00ebve p\u00ebr sa i p\u00ebrket viteve t\u00eb deklarimit 2005-2006 do t\u00eb konsiderohet n\u00eb m\u00ebnyr\u00eb t\u00eb menj\u00ebhershme.<br \/>\n\u201cFtojm\u00eb t\u00eb gjith\u00eb qytetar\u00ebt e zonave informale t\u00eb na ofrojn\u00eb mb\u00ebshtetjen e tyre dhe mir\u00ebkuptimin me nism\u00ebn e nisur. Kuptojm\u00eb secilin prej atyre p\u00ebr lodhjen, p\u00ebr pritjen por t\u00eb na mir\u00ebkuptojn\u00eb po hasim v\u00ebshtir\u00ebsi n\u00eb objekte t\u00eb cilat nuk banohen p\u00ebr t\u00eb cilat nuk mund t\u00eb kryejm\u00eb evidentimet p\u00ebrkat\u00ebse. Qytetar\u00ebt t\u00eb cil\u00ebt kan\u00eb paraqitur k\u00ebrkesat e tyre duke u bazuar ne VKM 442 p\u00ebr nd\u00ebrtimet e kryera para 1991, u b\u00ebjm\u00eb me dije se \u00ebsht\u00eb nisur trajtimi i rast pas rasti p\u00ebr k\u00ebrkesat e para t\u00eb paraqitura pran\u00eb ish ALUIZNI-Durr\u00ebs. Ju b\u00ebjm\u00eb me dije se aplikimi i p\u00ebrfshirjes n\u00eb k\u00ebt\u00eb proces vazhdon t\u00eb jet\u00eb i hapur, t\u00eb gjith\u00eb ata t\u00eb cil\u00ebt e kan\u00eb pasur t\u00eb pamundur plot\u00ebsimin e formularit n\u00eb zbatim te k\u00ebsaj VKM-je jan\u00eb t\u00eb lutur t\u00eb paraqiten me dokumentet p\u00ebrkat\u00ebse\u201d, shprehet z.Pula.<\/p>\n<p>&nbsp;<\/p>\n","protected":false},"excerpt":{"rendered":"<p>Dy institucione t\u00eb r\u00ebnd\u00ebsishme si ALUIZNI dhe Hipoteka n\u00eb Durr\u00ebs jan\u00eb n\u00eb faz\u00eb ristrukturimi dhe riorganizimi me hyrjen n\u00eb fuqi t\u00eb ligjit p\u00ebr krijimin e Agjencis\u00eb Shtet\u00ebrore t\u00eb Kadastr\u00ebs. K\u00ebshtu deklaron drejtori i ASHK Durr\u00ebs Liridon Pula duke treguar numrin e certifikatave t\u00eb pron\u00ebsis\u00eb t\u00eb l\u00ebshuara brenda dy muajsh. \u201cMe hyrjen n\u00eb fuqi t\u00eb ligjit [&hellip;]<\/p>\n","protected":false},"author":2013,"featured_media":95675,"comment_status":"open","ping_status":"closed","sticky":false,"template":"","format":"standard","meta":{"footnotes":""},"categories":[241,235],"tags":[],"class_list":{"0":"post-95674","1":"post","2":"type-post","3":"status-publish","4":"format-standard","5":"has-post-thumbnail","7":"category-aktualitet","8":"category-vendi"},"_links":{"self":[{"href":"https:\/\/zjarr.tv\/sq\/wp-json\/wp\/v2\/posts\/95674","targetHints":{"allow":["GET"]}}],"collection":[{"href":"https:\/\/zjarr.tv\/sq\/wp-json\/wp\/v2\/posts"}],"about":[{"href":"https:\/\/zjarr.tv\/sq\/wp-json\/wp\/v2\/types\/post"}],"author":[{"embeddable":true,"href":"https:\/\/zjarr.tv\/sq\/wp-json\/wp\/v2\/users\/2013"}],"replies":[{"embeddable":true,"href":"https:\/\/zjarr.tv\/sq\/wp-json\/wp\/v2\/comments?post=95674"}],"version-history":[{"count":0,"href":"https:\/\/zjarr.tv\/sq\/wp-json\/wp\/v2\/posts\/95674\/revisions"}],"wp:featuredmedia":[{"embeddable":true,"href":"https:\/\/zjarr.tv\/sq\/wp-json\/wp\/v2\/media\/95675"}],"wp:attachment":[{"href":"https:\/\/zjarr.tv\/sq\/wp-json\/wp\/v2\/media?parent=95674"}],"wp:term":[{"taxonomy":"category","embeddable":true,"href":"https:\/\/zjarr.tv\/sq\/wp-json\/wp\/v2\/categories?post=95674"},{"taxonomy":"post_tag","embeddable":true,"href":"https:\/\/zjarr.tv\/sq\/wp-json\/wp\/v2\/tags?post=95674"}],"curies":[{"name":"wp","href":"https:\/\/api.w.org\/{rel}","templated":true}]}}