{"id":95827,"date":"2019-07-12T17:53:20","date_gmt":"2019-07-12T15:53:20","guid":{"rendered":"https:\/\/zjarr.tv\/?p=95827"},"modified":"2019-07-12T17:53:20","modified_gmt":"2019-07-12T15:53:20","slug":"basha-takon-ish-kryeministrin-e-kanadase-sundimi-i-ligjit-rruga-e-vetme-drejt-be-se","status":"publish","type":"post","link":"https:\/\/zjarr.tv\/sq\/basha-takon-ish-kryeministrin-e-kanadase-sundimi-i-ligjit-rruga-e-vetme-drejt-be-se\/","title":{"rendered":"Basha takon ish-kryeministrin e Kanadas\u00eb: Sundimi i ligjit, rruga e vetm\u00eb drejt BE-s\u00eb"},"content":{"rendered":"<p>Kreu i Partis\u00eb Demokratike, Lulzim Basha \u00ebsht\u00eb takuar me ish-kryeministrin e Kanadas\u00eb, Stephen Harper.<\/p>\n<p>N\u00eb nj\u00eb postim n\u00eb Twitter, Basha shprehu vler\u00ebsime dhe mir\u00ebnjohje p\u00ebr Harper, nd\u00ebrsa e cil\u00ebsoi at\u00eb nj\u00eb mik t\u00eb \u00e7muar dhe p\u00ebrkrah\u00ebs t\u00eb zjarrt\u00eb t\u00eb demokracis\u00eb dhe integrimit euroatlantik t\u00eb Shqip\u00ebris\u00eb.<\/p>\n<p><em>\u201cNderi dhe privilegji im p\u00ebr t\u00eb mir\u00ebpritur sot nj\u00eb mik t\u00eb \u00e7muar dhe p\u00ebrkrah\u00ebs t\u00eb zjarrt\u00eb t\u00eb demokracis\u00eb dhe integrimit euroatlantik t\u00eb Shqip\u00ebris\u00eb, ish kryeministrit t\u00eb Kanadas\u00eb dhe Presidentit t\u00eb IDU stephenharper. Mir\u00ebnjoh\u00ebs p\u00ebr mb\u00ebshtetjen e tij p\u00ebr demokracin\u00eb dhe sundimin e ligjit si nj\u00eb rrug\u00eb e vetme p\u00ebrpara p\u00ebr Shqip\u00ebrin\u00eb n\u00eb BE\u201d,<\/em>&#8211; shkruan Basha.<\/p>\n<p>&nbsp;<\/p>\n","protected":false},"excerpt":{"rendered":"<p>Kreu i Partis\u00eb Demokratike, Lulzim Basha \u00ebsht\u00eb takuar me ish-kryeministrin e Kanadas\u00eb, Stephen Harper. N\u00eb nj\u00eb postim n\u00eb Twitter, Basha shprehu vler\u00ebsime dhe mir\u00ebnjohje p\u00ebr Harper, nd\u00ebrsa e cil\u00ebsoi at\u00eb nj\u00eb mik t\u00eb \u00e7muar dhe p\u00ebrkrah\u00ebs t\u00eb zjarrt\u00eb t\u00eb demokracis\u00eb dhe integrimit euroatlantik t\u00eb Shqip\u00ebris\u00eb. \u201cNderi dhe privilegji im p\u00ebr t\u00eb mir\u00ebpritur sot nj\u00eb mik [&hellip;]<\/p>\n","protected":false},"author":2013,"featured_media":95829,"comment_status":"open","ping_status":"closed","sticky":false,"template":"","format":"standard","meta":{"footnotes":""},"categories":[241,235],"tags":[],"class_list":{"0":"post-95827","1":"post","2":"type-post","3":"status-publish","4":"format-standard","5":"has-post-thumbnail","7":"category-aktualitet","8":"category-vendi"},"_links":{"self":[{"href":"https:\/\/zjarr.tv\/sq\/wp-json\/wp\/v2\/posts\/95827","targetHints":{"allow":["GET"]}}],"collection":[{"href":"https:\/\/zjarr.tv\/sq\/wp-json\/wp\/v2\/posts"}],"about":[{"href":"https:\/\/zjarr.tv\/sq\/wp-json\/wp\/v2\/types\/post"}],"author":[{"embeddable":true,"href":"https:\/\/zjarr.tv\/sq\/wp-json\/wp\/v2\/users\/2013"}],"replies":[{"embeddable":true,"href":"https:\/\/zjarr.tv\/sq\/wp-json\/wp\/v2\/comments?post=95827"}],"version-history":[{"count":0,"href":"https:\/\/zjarr.tv\/sq\/wp-json\/wp\/v2\/posts\/95827\/revisions"}],"wp:featuredmedia":[{"embeddable":true,"href":"https:\/\/zjarr.tv\/sq\/wp-json\/wp\/v2\/media\/95829"}],"wp:attachment":[{"href":"https:\/\/zjarr.tv\/sq\/wp-json\/wp\/v2\/media?parent=95827"}],"wp:term":[{"taxonomy":"category","embeddable":true,"href":"https:\/\/zjarr.tv\/sq\/wp-json\/wp\/v2\/categories?post=95827"},{"taxonomy":"post_tag","embeddable":true,"href":"https:\/\/zjarr.tv\/sq\/wp-json\/wp\/v2\/tags?post=95827"}],"curies":[{"name":"wp","href":"https:\/\/api.w.org\/{rel}","templated":true}]}}