{"id":95831,"date":"2019-07-12T18:19:14","date_gmt":"2019-07-12T16:19:14","guid":{"rendered":"https:\/\/zjarr.tv\/?p=95831"},"modified":"2019-07-12T18:19:14","modified_gmt":"2019-07-12T16:19:14","slug":"11-persona-te-mbytur-ne-det-nga-qershori-ne-korrik","status":"publish","type":"post","link":"https:\/\/zjarr.tv\/sq\/11-persona-te-mbytur-ne-det-nga-qershori-ne-korrik\/","title":{"rendered":"11 persona t\u00eb mbytur n\u00eb det nga qershori n\u00eb korrik"},"content":{"rendered":"<p>Q\u00eb nga nisja e sezonit veror 2019 deti i ka marr\u00eb jet\u00ebn 11 pushuesve vendas dhe t\u00eb huaj, shif\u00ebr e dal\u00eb nga rastet e publikuara n\u00eb media nga muaji qershor e deri m\u00eb tani.<\/p>\n<p>Viktimat kan\u00eb qen\u00eb kryesisht mbi mosh\u00ebn 60 vje\u00e7 por ka pasur raste edhe m\u00eb fatkeqe kur deti nuk ka kursyer as moshat e reja si\u00e7 ishte rasti i 18-vjeccarit t\u00eb mbytur n\u00eb nj\u00eb nga plazhet e Lezh\u00ebs apo 31-vjeccarit nga Skrapari, trupi i t\u00eb cilit u gjet i mbytur n\u00eb zon\u00ebn e currilave.<\/p>\n<p>Sipas policis\u00eb n\u00eb shumic\u00ebn e rasteve vdekja dyshohet t\u00eb ket\u00eb ardhur nga komplikacione sh\u00ebndet\u00ebsore akute por deri m\u00eb tani nuk ka nj\u00eb raport t\u00eb detajuar si nga Policia e Shtetit dhe as nga Ministria e Sh\u00ebndet\u00ebsis\u00eb p\u00ebr t\u00eb sqaruar shkaqet.<\/p>\n<p>Nga ana e saj zyra p\u00ebr mbrojtjen e konsumatorit b\u00ebn p\u00ebrgjegj\u00ebs institucionet qendrore dhe ato lokale p\u00ebr munges\u00ebn e rojeve bregdetare, nj\u00eb problem i trash\u00ebguar nd\u00ebr vite.<\/p>\n<p>Pas vler\u00ebsimit t\u00eb situat\u00ebs n\u00eb terren zyra p\u00ebr mbrojtjen e konsumatorit rendit si m\u00eb t\u00eb sigurta plazhet e Kavaj\u00ebs, si dhe pjes\u00ebrisht plazhin e Sh\u00ebngjinit dhe Sarand\u00ebs n\u00eb nj\u00eb koh\u00eb q\u00eb n\u00eb 13 plazhe t\u00eb tjera nuk ka konstatuar as kulla vrojtimi dhe as jet\u00ebshp\u00ebtues.<\/p>\n<p>Nisur nga gjetjet e b\u00ebra prezent me t\u00eb drejt\u00eb shtrohet pyetja se pse nuk kan\u00eb nisur pun\u00ebn rojet bregdetare t\u00eb cil\u00ebt u trajnuan n\u00eb nisje t\u00eb sezonit.<\/p>\n<p>&nbsp;<\/p>\n","protected":false},"excerpt":{"rendered":"<p>Q\u00eb nga nisja e sezonit veror 2019 deti i ka marr\u00eb jet\u00ebn 11 pushuesve vendas dhe t\u00eb huaj, shif\u00ebr e dal\u00eb nga rastet e publikuara n\u00eb media nga muaji qershor e deri m\u00eb tani. Viktimat kan\u00eb qen\u00eb kryesisht mbi mosh\u00ebn 60 vje\u00e7 por ka pasur raste edhe m\u00eb fatkeqe kur deti nuk ka kursyer as [&hellip;]<\/p>\n","protected":false},"author":2013,"featured_media":95832,"comment_status":"open","ping_status":"closed","sticky":false,"template":"","format":"standard","meta":{"footnotes":""},"categories":[241,235],"tags":[],"class_list":{"0":"post-95831","1":"post","2":"type-post","3":"status-publish","4":"format-standard","5":"has-post-thumbnail","7":"category-aktualitet","8":"category-vendi"},"_links":{"self":[{"href":"https:\/\/zjarr.tv\/sq\/wp-json\/wp\/v2\/posts\/95831","targetHints":{"allow":["GET"]}}],"collection":[{"href":"https:\/\/zjarr.tv\/sq\/wp-json\/wp\/v2\/posts"}],"about":[{"href":"https:\/\/zjarr.tv\/sq\/wp-json\/wp\/v2\/types\/post"}],"author":[{"embeddable":true,"href":"https:\/\/zjarr.tv\/sq\/wp-json\/wp\/v2\/users\/2013"}],"replies":[{"embeddable":true,"href":"https:\/\/zjarr.tv\/sq\/wp-json\/wp\/v2\/comments?post=95831"}],"version-history":[{"count":0,"href":"https:\/\/zjarr.tv\/sq\/wp-json\/wp\/v2\/posts\/95831\/revisions"}],"wp:featuredmedia":[{"embeddable":true,"href":"https:\/\/zjarr.tv\/sq\/wp-json\/wp\/v2\/media\/95832"}],"wp:attachment":[{"href":"https:\/\/zjarr.tv\/sq\/wp-json\/wp\/v2\/media?parent=95831"}],"wp:term":[{"taxonomy":"category","embeddable":true,"href":"https:\/\/zjarr.tv\/sq\/wp-json\/wp\/v2\/categories?post=95831"},{"taxonomy":"post_tag","embeddable":true,"href":"https:\/\/zjarr.tv\/sq\/wp-json\/wp\/v2\/tags?post=95831"}],"curies":[{"name":"wp","href":"https:\/\/api.w.org\/{rel}","templated":true}]}}