{"id":95902,"date":"2019-07-13T15:26:53","date_gmt":"2019-07-13T13:26:53","guid":{"rendered":"https:\/\/zjarr.tv\/?p=95902"},"modified":"2019-07-13T15:26:53","modified_gmt":"2019-07-13T13:26:53","slug":"kati-i-ii-te-i-pallatit-te-kongreseve-selia-e-qeverise-nga-ku-sulmohen-mediat-e-pavarura-dhe-opozita-me-profile-false","status":"publish","type":"post","link":"https:\/\/zjarr.tv\/sq\/kati-i-ii-te-i-pallatit-te-kongreseve-selia-e-qeverise-nga-ku-sulmohen-mediat-e-pavarura-dhe-opozita-me-profile-false\/","title":{"rendered":"Kati i II-t\u00eb i Pallatit t\u00eb Kongreseve, selia e qeveris\u00eb nga ku sulmohen mediat e pavarura dhe opozita me profile false"},"content":{"rendered":"<p>Ushtria e \u2018urith\u00ebve\u2019 (si\u00e7 quhen r\u00ebndom tashm\u00eb) t\u00eb rrjeteve sociale, e cila punon p\u00ebr makinerin\u00eb dizinformuese dhe shantazhuese t\u00eb Edi Ram\u00eb dhe q\u00eb drejtohet nga Endri Fuga, nuk \u00ebsht\u00eb m\u00eb sekret.<\/p>\n<p>Dit\u00ebn e sotme n\u00ebnkryetari i Partis\u00eb Demokratike, Edi Paloka, ka treguar historin\u00eb e nj\u00eb mikeshe t\u00eb tij q\u00eb dikur punonte e paguar mir\u00eb n\u00eb TV dhe dilte n\u00eb ekran. Ajo e ka braktisur profesionin e saj dhe sot p\u00ebr nj\u00eb dor\u00eb lek m\u00eb shum\u00eb \u00ebsht\u00eb e detyruar, q\u00eb t\u00eb punoj\u00eb si anonime n\u00eb zyr\u00ebn e propagand\u00ebs s\u00eb kryeministrit Edi Rama.<\/p>\n<p>Paloka thot\u00eb se, gazetarja q\u00eb dikur kishte dinjitet profesional dhe ishte pjes\u00eb e ekraneve, sot p\u00ebr nj\u00eb rrog\u00eb m\u00eb t\u00eb lart\u00eb, paguhet q\u00eb t\u00eb shaj\u00eb n\u00ebp\u00ebr komente opozit\u00ebn n\u00eb Facebook.<\/p>\n<p>Postimi i plot\u00eb i Edi Palok\u00ebs n\u00eb Facebook:<\/p>\n<p>Sot takova rast\u00ebsisht nje miken time q\u00eb kisha ca koh\u00eb pa e par\u00eb dhe u ul\u00ebm p\u00ebr nj\u00eb kafe.<\/p>\n<p>E pyeta ku ishte \u2018zhdukur\u2019 sepse n\u00eb fakt ishte \u2018zhdukur\u2019 dhe nga ekranet e tv ku e shihja ndonj\u00ebher\u00eb.<\/p>\n<p>U vu n\u00eb siklet po ma tha: \u2018Punoj p\u00ebr Fug\u00ebn tani\u2019.<\/p>\n<p>P\u00ebr Ramen?! \u2013 e pyeta , realisht i habitur duke ditur \u00e7far\u00eb mendonte p\u00ebr t\u00eb.<\/p>\n<p>\u2018Rrog\u00eb m\u00eb e mir\u00eb, kisha nevoj\u00eb\u2019- mu p\u00ebrgjigj.<\/p>\n<p>Duke e ditur q\u00eb dhe ku punonte m\u00eb par\u00eb kishte patur rrog\u00eb t\u00eb mir\u00eb, vet\u00ebm e imagjinova (pa e pyetur) se sa m\u00eb mir\u00eb duhej t\u00eb paguhej tani.<\/p>\n<p>Mendova q\u00eb punonte n\u00eb stafin e ngusht\u00eb t\u00eb zyr\u00ebs s\u00eb shtypit , apo m\u00eb mir\u00eb t\u00eb propagand\u00ebs, po jo.<\/p>\n<p>Ishte nj\u00ebra nga dhjetra profilet fallco q\u00eb i b\u00ebjn\u00eb like Ram\u00ebs dhe na sulmojn\u00eb ne n\u00eb rrjetet sociale.<\/p>\n<p>\u2018Qendr\u00ebn e kemi tek Pallati i Kongreseve\u2019- m\u00eb tregoi- Jemi shum\u00eb, po paga \u00ebsht\u00eb e mir\u00eb \u2013 m\u00eb p\u00ebrs\u00ebriti p\u00ebr t\u00eb justifikuar at\u00eb q\u00eb b\u00ebnte dhe shtoi duke qeshur: \u2018Ty nuk t\u00eb kam shar\u00eb asnj\u00ebher\u00eb\u2026\u2019<\/p>\n<p>Nd\u00ebrkoh\u00eb q\u00eb shqiptar\u00ebt varf\u00ebrohen \u00e7do dit\u00eb e m\u00eb shum\u00eb dhe familje t\u00eb t\u00ebra mezi sigurojn\u00eb dhe buk\u00ebn e goj\u00ebs, kryebanditi i vendit paguan nga buxheti, (pra nga taksat, nga parat\u00eb q\u00eb na vjel ne t\u00eb gjith\u00ebve) rroga t\u00eb majme p\u00ebr t\u2019i b\u00ebr\u00eb atij lavde dhe p\u00ebr t\u00eb sulmuar kund\u00ebrshtar\u00ebt n\u00eb rrjetet sociale\u2026<\/p>\n<p>&nbsp;<\/p>\n","protected":false},"excerpt":{"rendered":"<p>Ushtria e \u2018urith\u00ebve\u2019 (si\u00e7 quhen r\u00ebndom tashm\u00eb) t\u00eb rrjeteve sociale, e cila punon p\u00ebr makinerin\u00eb dizinformuese dhe shantazhuese t\u00eb Edi Ram\u00eb dhe q\u00eb drejtohet nga Endri Fuga, nuk \u00ebsht\u00eb m\u00eb sekret. Dit\u00ebn e sotme n\u00ebnkryetari i Partis\u00eb Demokratike, Edi Paloka, ka treguar historin\u00eb e nj\u00eb mikeshe t\u00eb tij q\u00eb dikur punonte e paguar mir\u00eb n\u00eb [&hellip;]<\/p>\n","protected":false},"author":2013,"featured_media":95903,"comment_status":"open","ping_status":"closed","sticky":false,"template":"","format":"standard","meta":{"footnotes":""},"categories":[241,235],"tags":[],"class_list":{"0":"post-95902","1":"post","2":"type-post","3":"status-publish","4":"format-standard","5":"has-post-thumbnail","7":"category-aktualitet","8":"category-vendi"},"_links":{"self":[{"href":"https:\/\/zjarr.tv\/sq\/wp-json\/wp\/v2\/posts\/95902","targetHints":{"allow":["GET"]}}],"collection":[{"href":"https:\/\/zjarr.tv\/sq\/wp-json\/wp\/v2\/posts"}],"about":[{"href":"https:\/\/zjarr.tv\/sq\/wp-json\/wp\/v2\/types\/post"}],"author":[{"embeddable":true,"href":"https:\/\/zjarr.tv\/sq\/wp-json\/wp\/v2\/users\/2013"}],"replies":[{"embeddable":true,"href":"https:\/\/zjarr.tv\/sq\/wp-json\/wp\/v2\/comments?post=95902"}],"version-history":[{"count":0,"href":"https:\/\/zjarr.tv\/sq\/wp-json\/wp\/v2\/posts\/95902\/revisions"}],"wp:featuredmedia":[{"embeddable":true,"href":"https:\/\/zjarr.tv\/sq\/wp-json\/wp\/v2\/media\/95903"}],"wp:attachment":[{"href":"https:\/\/zjarr.tv\/sq\/wp-json\/wp\/v2\/media?parent=95902"}],"wp:term":[{"taxonomy":"category","embeddable":true,"href":"https:\/\/zjarr.tv\/sq\/wp-json\/wp\/v2\/categories?post=95902"},{"taxonomy":"post_tag","embeddable":true,"href":"https:\/\/zjarr.tv\/sq\/wp-json\/wp\/v2\/tags?post=95902"}],"curies":[{"name":"wp","href":"https:\/\/api.w.org\/{rel}","templated":true}]}}