{"id":96392,"date":"2019-07-14T14:59:58","date_gmt":"2019-07-14T12:59:58","guid":{"rendered":"https:\/\/zjarr.tv\/?p=96392"},"modified":"2019-07-14T14:59:58","modified_gmt":"2019-07-14T12:59:58","slug":"kim-mehmeti-opozita-i-dogji-mandatet-rilindja-eshte-duke-e-djegur-shqiperine","status":"publish","type":"post","link":"https:\/\/zjarr.tv\/sq\/kim-mehmeti-opozita-i-dogji-mandatet-rilindja-eshte-duke-e-djegur-shqiperine\/","title":{"rendered":"Kim Mehmeti: Opozita i \u2018dogji\u2019 mandatet, \u2018Rilindja\u2019 \u00ebsht\u00eb duke e \u2018djegur\u2019 Shqip\u00ebrin\u00eb"},"content":{"rendered":"<p>Shkruan Kim Mehmeti<\/p>\n<p>Nuk jan\u00eb t\u00eb pakuptimta, p\u00ebrbuz\u00ebse dhe \u00e7mendurake vet\u00ebm th\u00ebniet e Kryeministrit t\u00eb Shqip\u00ebris\u00eb se vendi shkon p\u00ebrpara duke u kthyer n\u00eb shtet nj\u00ebpartiak, por edhe ato t\u00eb \u2018intelektualeve t\u00eb pavarur\u2019\u00a0 q\u00eb pohojn\u00eb se nuk e p\u00ebrkrahin qeverin\u00eb e sotme pse ajo \u00ebsht\u00eb m\u00eb e mir\u00eb se e m\u00ebparshmja, por pse \u2018ata\u2019 t\u00eb opozit\u00ebs e mboll\u00ebn far\u00ebn e bim\u00ebs s\u00eb keqe dhe jan\u00eb edhe m\u00eb t\u00eb k\u00ebqij se \u2018Rilindja\u2019!? Me \u00e7ka pohojn\u00eb di\u00e7ka q\u00eb u ka hije debatuesve n\u00ebp\u00ebr kafenet\u00eb e fshatit,\u00a0 por jo edhe atyre q\u00eb pretendojn\u00eb ta ngren\u00eb m\u00eb lart\u00eb vet\u00ebdijen e votuesve: se nuk \u00ebsht\u00eb demokraci kur e zgjedh\u00eb t\u00eb mir\u00ebn m\u00eb t\u00eb madhe, por t\u00eb keqen m\u00eb t\u00eb vog\u00ebl?l Dhe e promovojn\u00eb mend\u00ebsin\u00eb politike se hajduti i partis\u00eb t\u00ebnde, q\u00eb i vjedh t\u00eb tjer\u00ebt, por t\u00eb jep edhe ty, \u00ebsht\u00eb m\u00eb i mir\u00eb se ai i partis\u00eb kund\u00ebrshtare, q\u00eb e pun\u00ebson t\u00eb vetin, e t\u00eb l\u00eb ty pa pun\u00eb.<\/p>\n<p>\u00cbsht\u00eb e pritshme q\u00eb\u00a0 Kryeministri i Shqip\u00ebris\u00eb, me prirje t\u00eb diktatorit, zgjedhjet nj\u00ebpartiake t\u2019i mbroj\u00eb me q\u00ebndrimin se \u2018djegia\u2019 e mandateve \u00ebsht\u00eb e pandodhur,\u00a0 q\u00eb mund ta d\u00ebmtoj\u00eb r\u00ebnd\u00eb demokracin\u00eb mbar\u00ebbot\u00ebrore, por \u00ebsht\u00eb e dhimbshme kur e sheh se edhe disa \u2018opinionist\u00eb\u2019 mendjendritur nuk e v\u00ebrejn\u00eb se opozita i dogji mandatet, por \u2018Rilindja\u2019 \u00ebsht\u00eb duke e \u2018djegur\u2019 Shqip\u00ebrin\u00eb.\u00a0 \u00c7ka tregon se jo vet\u00ebm shumica e votuesve t\u00eb r\u00ebndomt\u00eb, por edhe njer\u00ebz me nam e nishan, e m\u00ebsuan si mbrohet pushteti dhe i pushtetshmi, por jo edhe shteti dhe shqiptaria. Pra e kuptuan se je m\u00eb i mbrojtur, m\u00eb i sigurt, e m\u00eb i p\u00eblqyer, kur mban\u00eb an\u00ebn e t\u00eb pushtetshmin dhe kur ke mik t\u00eb fortin, t\u00eb pasurin e t\u00eb famshmin, por duke harruar se, miq\u00ebsia e mb\u00ebshtetur vet\u00ebm mbi themelet e frik\u00ebs dhe interesit personal, \u00ebsht\u00eb pasqyr\u00eb ku shihet dob\u00ebsia e individit dhe se, kan\u00eb qen\u00eb, e do mbeten t\u00eb fort\u00eb e t\u00eb njer\u00ebzish\u00ebm, vet\u00ebm ata q\u00eb e mbrojn\u00eb, e ndihmojn\u00eb dhe jan\u00eb n\u00eb an\u00ebn e t\u00eb dob\u00ebtit, t\u00eb d\u00ebmtuarit dhe skamnorit.<\/p>\n<p>Nga nj\u00eb Kryeminist\u00ebr si ky i Shqip\u00ebris\u00eb s\u00eb sotme, \u00ebsht\u00eb e natyrshme t\u00eb pres\u00ebsh t\u00eb l\u00ebvdohet edhe me dukuri t\u00eb turpshme p\u00ebr gjith\u00eb shqiptarin\u00eb, si\u00e7 ishin votimet nj\u00ebpartiake t\u00eb 30 qershorit. Por \u00ebsht\u00eb e pabesueshme verb\u00ebria e\u00a0 alamet \u2018intelektual\u00ebve jopartiak\u2019, verb\u00ebri\u00a0 q\u00eb nuk u lejon atyre t\u00eb shohin se nj\u00ebsoj si\u00a0 Envreri dikur, edhe Kryeministri i sot\u00ebm i Shqip\u00ebris\u00eb, e forcon \u201cRilindjen\u201d e vet duke shkat\u00ebrruar vendin. Dhe e promovon mend\u00ebsin\u00eb e vet, t\u00eb cil\u00ebn si\u00e7 duket e ka trash\u00ebgimi gjenetike\u2019, se s\u2019ka \u00e7\u2019t\u00eb duhet Shqip\u00ebria e fort\u00eb, me nj\u00eb parti t\u00eb dob\u00ebt!\u00a0 Me \u00e7ka edhe e b\u00ebri vendin shtet ku ke protestues q\u00eb e mbrojn\u00eb dhe vdesin p\u00ebr partin\u00eb, por jo edhe p\u00ebr Shqip\u00ebrin\u00eb!<\/p>\n<p>Dhe \u00ebsht\u00eb e kuptueshme q\u00eb\u00a0 nj\u00eb piktor i b\u00ebr\u00eb politikan, t\u00eb besoj\u00eb se brekushet e tij dhe daljet cullak n\u00ebp\u00ebr plazhe, jan\u00eb vlera tradicionale shqiptare, me t\u00eb cilat duhet t\u00eb mburremi para bot\u00ebs, por \u00ebsht\u00eb e neveritshme se si edhe njer\u00ebz t\u00eb dijes, t\u00eb dalin t\u00eb thon\u00eb vet\u00ebm at\u00eb q\u00eb duan ta d\u00ebgjojn\u00eb per\u00ebndimor\u00ebt, por jo edhe at\u00eb q\u00eb duhet treguar shqiptar\u00ebve. Me \u00e7ka e ndihmuan piktorin q\u00eb ta b\u00ebj\u00eb Shqip\u00ebrin\u00eb vend me drejt\u00ebsi t\u00eb reformuar, por pa gjykata dhe q\u00eb t\u00eb gjith\u00eb kund\u00ebrshtar\u00ebt e vet politik t\u2019i shpall\u00eb si dashamir\u00ebs t\u00eb shtetit me gjykata, por pa drejt\u00ebsi. Dhe e ndau popullin n\u00eb \u2018ne\u2019 opozitar\u00ebt per\u00ebndimor\u00eb q\u00eb duam drejt\u00ebsi pa shtet,\u00a0 dhe \u2018haxhiqamil\u00ebt \u2019 opozitar\u00eb q\u00eb duan shtet pa drejt\u00ebsi.\u00a0 Pra duke e \u2018deshqiptarizuar\u2019 shqiptarin\u00eb dhe duke e b\u00ebr\u00eb Shqip\u00ebrin\u00eb m\u00ebm\u00eb nga djep i patriotizmi shqiptar\u00eb, n\u00eb vendbanim t\u00eb turpit komb\u00ebtar\u00eb.<\/p>\n<p>Po pra, \u00ebsht\u00eb e v\u00ebrtet\u00eb se gjat\u00eb tri dekadave t\u00eb kaluara, shum\u00eb politikan\u00eb e burr\u00ebshtetas q\u00eb e drejtuan Shqip\u00ebrin\u00eb, u b\u00ebn\u00eb hajdut\u00eb dhe \u00ebsht\u00eb e pritshme q\u00eb k\u00ebt\u00eb t\u00eb v\u00ebrtet\u00eb, piktori Kryeminist\u00ebr ta p\u00ebrdor si jorgan p\u00ebr ta mbuluar vetveten si njeri t\u00eb pushtetsh\u00ebm m\u00eb shum\u00eb se dy dekada me radh\u00eb. Por \u00ebsht\u00eb trishtuese heshtja e alamet personaliteteve me em\u00ebr e mbiem\u00ebr, t\u00eb p\u00ebrfshir\u00eb edhe n\u00ebp\u00ebr enciklopedit\u00eb shqiptare, t\u00eb cil\u00ebt u shtir\u00ebn q\u00eb nuk e shohin se gjat\u00eb sundimit t\u00eb \u2018Rilindjes\u2019 ndodhi di\u00e7ka edhe m\u00eb tragjike: shum\u00eb hajdut\u00eb e kriminel\u00eb, u b\u00ebn\u00eb politikan\u00eb dhe mor\u00ebn n\u00eb duar vendin.\u00a0 Me \u00e7ka Shqip\u00ebris\u00eb thuajse iu pamund\u00ebsua q\u00eb pa nj\u00eb \u2018revolucion\u2019 t\u00eb dhembsh\u00ebm, t\u2019i shlyej\u00eb nga \u2018biografia\u2019 e saj emrat e politikan\u00ebve q\u00eb i jan\u00eb ngjitur\u00a0 si shushunja, q\u00eb asaj ia thithin gjakun e fresk\u00ebt rinor\u00eb, e popullit ardhm\u00ebrin\u00eb.<\/p>\n<p>Po, \u00ebsht\u00eb e pritshme q\u00eb nj\u00eb diktator qesharak si Kryeministri i sot\u00ebm i Shqip\u00ebris\u00eb, ta p\u00ebrdor\u00eb gjith\u00eb aft\u00ebsin\u00eb e tij fol\u00ebse dhe at\u00eb pak\u00eb imagjinat\u00eb krijuese q\u00eb ka, p\u00ebr ta fshehur t\u00eb v\u00ebrtet\u00ebn se m\u00eb shum\u00eb e do pushtetin se sa shtetin e popullin e vet, si dhe p\u00ebr ta mbuluar at\u00eb q\u00eb shihet qart\u00eb: se di ta sundoj\u00eb vendin, por jo edhe vetveten. Por \u00ebsht\u00eb shum\u00eb e panatyrshme q\u00eb k\u00ebt\u00eb t\u00eb mos e ken\u00eb v\u00ebrejtur ata q\u00eb duhej t\u00eb par\u00ebt t\u00eb alarmonin se Shqip\u00ebria \u00ebsht\u00eb duke shkuar rrug\u00ebs t\u00eb ket\u00eb pushtet, por jo edhe shtet dhe ku, sa m\u00eb e fort\u00eb b\u00ebhet \u2018Rilindja\u2019, sa m\u00eb t\u00eb pasur b\u00ebhen \u2018rilind\u00ebsit\u2019, aq m\u00eb i dob\u00ebt b\u00ebhet shtet dhe aq m\u00eb shum\u00eb varf\u00ebrohet populli.<\/p>\n<p>Andaj edhe mund te thuhet se Kryeministri q\u00eb e pikturoi Shqip\u00ebrin\u00eb nj\u00ebpartiake, nuk \u00ebsht\u00eb fajtori i vet\u00ebm pse shteti zhb\u00ebhet e \u2018Rilindja\u2019 forcohet, por m\u00ebkatar\u00eb jan\u00eb edhe ata q\u00eb k\u00ebt\u00eb e dinin dhe kishin mund\u00ebsi ta thoshin, por shkaku i interesit personal hesht\u00ebn dhe, popullit kurr\u00eb nuk i treguan se burr\u00ebshtetasit e tij hajdut b\u00ebrtisnin \u2013 kapeni hajnin dhe se, jeton n\u00eb nj\u00eb shtet ku politikan\u00ebve kriminel\u00eb u falet krimi, e m\u00ebkatar\u00ebt hallexhinj e t\u00eb papushtetsh\u00ebm, i mbushnin burgjet..<\/p>\n<p>&nbsp;<\/p>\n","protected":false},"excerpt":{"rendered":"<p>Shkruan Kim Mehmeti Nuk jan\u00eb t\u00eb pakuptimta, p\u00ebrbuz\u00ebse dhe \u00e7mendurake vet\u00ebm th\u00ebniet e Kryeministrit t\u00eb Shqip\u00ebris\u00eb se vendi shkon p\u00ebrpara duke u kthyer n\u00eb shtet nj\u00ebpartiak, por edhe ato t\u00eb \u2018intelektualeve t\u00eb pavarur\u2019\u00a0 q\u00eb pohojn\u00eb se nuk e p\u00ebrkrahin qeverin\u00eb e sotme pse ajo \u00ebsht\u00eb m\u00eb e mir\u00eb se e m\u00ebparshmja, por pse \u2018ata\u2019 t\u00eb [&hellip;]<\/p>\n","protected":false},"author":2013,"featured_media":96393,"comment_status":"open","ping_status":"closed","sticky":false,"template":"","format":"standard","meta":{"footnotes":""},"categories":[241,235],"tags":[],"class_list":{"0":"post-96392","1":"post","2":"type-post","3":"status-publish","4":"format-standard","5":"has-post-thumbnail","7":"category-aktualitet","8":"category-vendi"},"_links":{"self":[{"href":"https:\/\/zjarr.tv\/sq\/wp-json\/wp\/v2\/posts\/96392","targetHints":{"allow":["GET"]}}],"collection":[{"href":"https:\/\/zjarr.tv\/sq\/wp-json\/wp\/v2\/posts"}],"about":[{"href":"https:\/\/zjarr.tv\/sq\/wp-json\/wp\/v2\/types\/post"}],"author":[{"embeddable":true,"href":"https:\/\/zjarr.tv\/sq\/wp-json\/wp\/v2\/users\/2013"}],"replies":[{"embeddable":true,"href":"https:\/\/zjarr.tv\/sq\/wp-json\/wp\/v2\/comments?post=96392"}],"version-history":[{"count":0,"href":"https:\/\/zjarr.tv\/sq\/wp-json\/wp\/v2\/posts\/96392\/revisions"}],"wp:featuredmedia":[{"embeddable":true,"href":"https:\/\/zjarr.tv\/sq\/wp-json\/wp\/v2\/media\/96393"}],"wp:attachment":[{"href":"https:\/\/zjarr.tv\/sq\/wp-json\/wp\/v2\/media?parent=96392"}],"wp:term":[{"taxonomy":"category","embeddable":true,"href":"https:\/\/zjarr.tv\/sq\/wp-json\/wp\/v2\/categories?post=96392"},{"taxonomy":"post_tag","embeddable":true,"href":"https:\/\/zjarr.tv\/sq\/wp-json\/wp\/v2\/tags?post=96392"}],"curies":[{"name":"wp","href":"https:\/\/api.w.org\/{rel}","templated":true}]}}