{"id":96755,"date":"2019-07-17T13:40:11","date_gmt":"2019-07-17T11:40:11","guid":{"rendered":"https:\/\/zjarr.tv\/?p=96755"},"modified":"2019-07-17T13:40:11","modified_gmt":"2019-07-17T11:40:11","slug":"prekja-e-gazetareve-fundi-i-nje-kryeministri","status":"publish","type":"post","link":"https:\/\/zjarr.tv\/sq\/prekja-e-gazetareve-fundi-i-nje-kryeministri\/","title":{"rendered":"Prekja e gazetar\u00ebve, fundi i nj\u00eb Kryeministri"},"content":{"rendered":"<p>Nga Albana Vokshi.<\/p>\n<p>Gjuha e urrejtjes s\u00eb Edi Ram\u00ebs, dhuna e vazhdueshme verbale, psikologjike, institucionale si dhe fizike, po b\u00ebn q\u00eb gazetar\u00ebt t\u00eb punojn\u00eb e t\u00eb jetojn\u00eb n\u00eb nj\u00eb mjedis krejt t\u00eb pasigurt p\u00ebr ta dhe familjet e tyre.<\/p>\n<p>Gazetari i mir\u00ebnjohur Basri \u00c7ollaku denoncoi shantazhet ndaj tij dhe familjes. Persona t\u00eb paidentifikuar kan\u00eb filmuar dhe fotografuar n\u00eb or\u00ebt e para t\u00eb m\u00ebngjesit sht\u00ebpin\u00eb e gazetarit.<\/p>\n<p>Ky \u00ebsht\u00eb nj\u00eb k\u00ebrc\u00ebnim i urdh\u00ebruar p\u00ebr t\u00eb intimiduar gazetarin e publikimeve q\u00eb ia kan\u00eb tronditur karrigen Edi Ram\u00ebs.<\/p>\n<p>Basir \u00c7ollaku k\u00ebrc\u00ebnohet si bashk\u00ebpun\u00ebtori kryesor i gazet\u00ebs gjermane, me tirazhin m\u00eb t\u00eb<br \/>\nmadh n\u00eb Europ\u00eb \u201cBILD\u201d, e cila muajt e fundit ka publikuar p\u00ebrgjimet ku Kryeministri bashk\u00eb me ministra, deputet\u00eb dhe kryebashkiak\u00eb blejn\u00eb zgjedhjet me kriminel\u00eb t\u00eb skeduar.<\/p>\n<p>Basir \u00c7ollaku k\u00ebrc\u00ebnohet sepse intervistoi oficer\u00ebt Dritan Zagani dhe Emiljano Nuhu, t\u00eb cil\u00ebt zbuluan se si Saimir Tahiri, Rrahman Rrahja, Taulant Balla, Artur Bushi etj kan\u00eb v\u00ebn\u00eb gjith\u00eb shtetin n\u00eb dispozicion dhe sh\u00ebrbim t\u00eb krimit dhe narkitrafikut.<\/p>\n<p>Basir \u00c7ollaku k\u00ebrc\u00ebnohet se Edi Rama del edhe n\u00eb materialin q\u00eb gazetari ka njoftuar se do t\u00eb transmetohet s\u00eb shpejti n\u00eb Shijak TV.<\/p>\n<p>&nbsp;<\/p>\n","protected":false},"excerpt":{"rendered":"<p>Nga Albana Vokshi. Gjuha e urrejtjes s\u00eb Edi Ram\u00ebs, dhuna e vazhdueshme verbale, psikologjike, institucionale si dhe fizike, po b\u00ebn q\u00eb gazetar\u00ebt t\u00eb punojn\u00eb e t\u00eb jetojn\u00eb n\u00eb nj\u00eb mjedis krejt t\u00eb pasigurt p\u00ebr ta dhe familjet e tyre. Gazetari i mir\u00ebnjohur Basri \u00c7ollaku denoncoi shantazhet ndaj tij dhe familjes. Persona t\u00eb paidentifikuar kan\u00eb filmuar [&hellip;]<\/p>\n","protected":false},"author":2013,"featured_media":8457,"comment_status":"open","ping_status":"closed","sticky":false,"template":"","format":"standard","meta":{"footnotes":""},"categories":[241,235],"tags":[],"class_list":{"0":"post-96755","1":"post","2":"type-post","3":"status-publish","4":"format-standard","5":"has-post-thumbnail","7":"category-aktualitet","8":"category-vendi"},"_links":{"self":[{"href":"https:\/\/zjarr.tv\/sq\/wp-json\/wp\/v2\/posts\/96755","targetHints":{"allow":["GET"]}}],"collection":[{"href":"https:\/\/zjarr.tv\/sq\/wp-json\/wp\/v2\/posts"}],"about":[{"href":"https:\/\/zjarr.tv\/sq\/wp-json\/wp\/v2\/types\/post"}],"author":[{"embeddable":true,"href":"https:\/\/zjarr.tv\/sq\/wp-json\/wp\/v2\/users\/2013"}],"replies":[{"embeddable":true,"href":"https:\/\/zjarr.tv\/sq\/wp-json\/wp\/v2\/comments?post=96755"}],"version-history":[{"count":0,"href":"https:\/\/zjarr.tv\/sq\/wp-json\/wp\/v2\/posts\/96755\/revisions"}],"wp:featuredmedia":[{"embeddable":true,"href":"https:\/\/zjarr.tv\/sq\/wp-json\/wp\/v2\/media\/8457"}],"wp:attachment":[{"href":"https:\/\/zjarr.tv\/sq\/wp-json\/wp\/v2\/media?parent=96755"}],"wp:term":[{"taxonomy":"category","embeddable":true,"href":"https:\/\/zjarr.tv\/sq\/wp-json\/wp\/v2\/categories?post=96755"},{"taxonomy":"post_tag","embeddable":true,"href":"https:\/\/zjarr.tv\/sq\/wp-json\/wp\/v2\/tags?post=96755"}],"curies":[{"name":"wp","href":"https:\/\/api.w.org\/{rel}","templated":true}]}}