{"id":96757,"date":"2019-07-17T13:41:36","date_gmt":"2019-07-17T11:41:36","guid":{"rendered":"https:\/\/zjarr.tv\/?p=96757"},"modified":"2019-07-17T13:41:36","modified_gmt":"2019-07-17T11:41:36","slug":"ish-ministri-zbulon-se-kush-do-e-zevendesoje-arben-malajn-i-perputhet-emri-me-vendin-e-punes","status":"publish","type":"post","link":"https:\/\/zjarr.tv\/sq\/ish-ministri-zbulon-se-kush-do-e-zevendesoje-arben-malajn-i-perputhet-emri-me-vendin-e-punes\/","title":{"rendered":"Ish-ministri zbulon se kush do e z\u00ebvend\u00ebsoj\u00eb Arben Malajn: I p\u00ebrputhet emri me vendin e pun\u00ebs\u2026"},"content":{"rendered":"<p>Partia Socialiste ka nisur procedurat p\u00ebr shkarkimin e Arben Malajt si an\u00ebtar i K\u00ebshillit Mbik\u00ebqyr\u00ebs s\u00eb Bank\u00ebs s\u00eb Shqip\u00ebris\u00eb.<\/p>\n<p>28 deputet\u00eb socialist\u00eb kan\u00eb firmosur p\u00ebr shkarkimin e ish-ministrit socialist me motivacionin \u201cshkelje e etik\u00ebs\u201d, nd\u00ebrsa sot Ylli Manjani, ish-minist\u00ebr i kabinetit t\u00eb Ram\u00ebs ka irozinuar duke \u2018zbuluar\u2019 dhe kandidatin q\u00eb PS ka gati p\u00ebr t\u00eb z\u00ebvend\u00ebsuar Malajn.<\/p>\n<p>Sipas Manjanit do t\u00eb shkarkohet Arben Malaj p\u00ebr tu em\u00ebruar Arben Keshi pasi emri p\u00ebrputhet me vendin e pun\u00ebs.<\/p>\n<p>&nbsp;<\/p>\n","protected":false},"excerpt":{"rendered":"<p>Partia Socialiste ka nisur procedurat p\u00ebr shkarkimin e Arben Malajt si an\u00ebtar i K\u00ebshillit Mbik\u00ebqyr\u00ebs s\u00eb Bank\u00ebs s\u00eb Shqip\u00ebris\u00eb. 28 deputet\u00eb socialist\u00eb kan\u00eb firmosur p\u00ebr shkarkimin e ish-ministrit socialist me motivacionin \u201cshkelje e etik\u00ebs\u201d, nd\u00ebrsa sot Ylli Manjani, ish-minist\u00ebr i kabinetit t\u00eb Ram\u00ebs ka irozinuar duke \u2018zbuluar\u2019 dhe kandidatin q\u00eb PS ka gati p\u00ebr t\u00eb [&hellip;]<\/p>\n","protected":false},"author":2013,"featured_media":57055,"comment_status":"open","ping_status":"closed","sticky":false,"template":"","format":"standard","meta":{"footnotes":""},"categories":[241,235],"tags":[],"class_list":{"0":"post-96757","1":"post","2":"type-post","3":"status-publish","4":"format-standard","5":"has-post-thumbnail","7":"category-aktualitet","8":"category-vendi"},"_links":{"self":[{"href":"https:\/\/zjarr.tv\/sq\/wp-json\/wp\/v2\/posts\/96757","targetHints":{"allow":["GET"]}}],"collection":[{"href":"https:\/\/zjarr.tv\/sq\/wp-json\/wp\/v2\/posts"}],"about":[{"href":"https:\/\/zjarr.tv\/sq\/wp-json\/wp\/v2\/types\/post"}],"author":[{"embeddable":true,"href":"https:\/\/zjarr.tv\/sq\/wp-json\/wp\/v2\/users\/2013"}],"replies":[{"embeddable":true,"href":"https:\/\/zjarr.tv\/sq\/wp-json\/wp\/v2\/comments?post=96757"}],"version-history":[{"count":0,"href":"https:\/\/zjarr.tv\/sq\/wp-json\/wp\/v2\/posts\/96757\/revisions"}],"wp:featuredmedia":[{"embeddable":true,"href":"https:\/\/zjarr.tv\/sq\/wp-json\/wp\/v2\/media\/57055"}],"wp:attachment":[{"href":"https:\/\/zjarr.tv\/sq\/wp-json\/wp\/v2\/media?parent=96757"}],"wp:term":[{"taxonomy":"category","embeddable":true,"href":"https:\/\/zjarr.tv\/sq\/wp-json\/wp\/v2\/categories?post=96757"},{"taxonomy":"post_tag","embeddable":true,"href":"https:\/\/zjarr.tv\/sq\/wp-json\/wp\/v2\/tags?post=96757"}],"curies":[{"name":"wp","href":"https:\/\/api.w.org\/{rel}","templated":true}]}}