{"id":96769,"date":"2019-07-17T13:51:21","date_gmt":"2019-07-17T11:51:21","guid":{"rendered":"https:\/\/zjarr.tv\/?p=96769"},"modified":"2019-07-17T13:51:21","modified_gmt":"2019-07-17T11:51:21","slug":"gara-per-kushtetuese-detajet-e-ligjit-qe-cenojne-garen","status":"publish","type":"post","link":"https:\/\/zjarr.tv\/sq\/gara-per-kushtetuese-detajet-e-ligjit-qe-cenojne-garen\/","title":{"rendered":"Gara p\u00ebr Kushtetuese\/ Detajet e ligjit q\u00eb c\u00ebnojn\u00eb gar\u00ebn"},"content":{"rendered":"<p>N\u00eb Shkurt 2017, ambasadori amerikan i asaj kohe, Donald Lu, e m\u00eb pas, kolegia e tij e preferuar e Bashkimit Europian, Romana Vlahutin, u b\u00ebn\u00eb thirrje \u201cnd\u00ebrgjegjes\u201d s\u00eb jurist\u00ebve shqiptar\u00eb, sidomos atyre q\u00eb jetonin e punonin jasht\u00eb, p\u00ebr t\u00eb aplikuar p\u00ebr institucionet e reja t\u00eb Reform\u00ebs n\u00eb Drejt\u00ebsi.<\/p>\n<p>Thirrjet e Lu-Vlahutin vinin n\u00eb nj\u00eb periudh\u00eb skepticizmi t\u00eb jurist\u00ebve p\u00ebr t\u00eb kandiduar p\u00ebr institucionet e Vetingut. Apeli i ambasador\u00ebve t\u00eb huaj duket se bindi jurist\u00eb t\u00eb ndrysh\u00ebm q\u00eb jetonin jasht\u00eb vendit, t\u00eb cil\u00ebt dor\u00ebzuan aplikimet e tyre.<\/p>\n<p>Por, pasi u p\u00ebrball\u00ebn me k\u00ebrkesat ligjore, thuajse t\u00eb gjith\u00eb k\u00ebta jurist\u00eb u t\u00ebrhoq\u00ebn nga gara, duke kuptuar se angazhimi p\u00ebr t\u00eb ardhmen e vendit ishte nj\u00eb utopi. Kjo, jo p\u00ebr shkak t\u00eb frik\u00ebs s\u00eb tyre, por sepse dispozitat e ligjeve p\u00ebr institucionet e reja t\u00eb drejt\u00ebsis\u00eb kishin \u201ckle\u00e7ka\u201d, t\u00eb cilat i p\u00ebrjashtonin nga kandidimi ende pa nisur procesi zyrtar.<\/p>\n<p>Dhe rezultati duket fare qart\u00eb-n\u00eb t\u00eb gjith\u00eb institucionet e reja t\u00eb drejt\u00ebsis\u00eb, t\u00eb ngritura deri m\u00eb tani, nuk gjendet asnj\u00eb jurist q\u00eb ka ushtruar aktivitetin e tij profesional jasht\u00eb Shqip\u00ebris\u00eb. Strukturat e reja t\u00eb drejt\u00ebsis\u00eb jan\u00eb mbushur me jurist\u00eb t\u00eb administrat\u00ebs socialiste apo me t\u00eb tjer\u00eb, t\u00eb nj\u00eb niveli mediok\u00ebr profesional.<\/p>\n<p>Nj\u00eb nd\u00ebr ndalesat m\u00eb t\u00eb m\u00ebdha p\u00ebr jurist\u00ebt q\u00eb vinin nga jasht\u00eb, por jo vet\u00ebm p\u00ebr ata, ishin afatet proceduriale p\u00ebr plot\u00ebsimin e formular\u00ebve t\u00eb pasuris\u00eb.<\/p>\n<p>P\u00ebr jurist\u00ebt q\u00eb vinin nga jasht\u00eb Shqip\u00ebris\u00eb, afati ligjor p\u00ebr dor\u00ebzimin e formular\u00ebve t\u00eb pasuris\u00eb ishte shum\u00eb i ngusht\u00eb, aq sa ata nuk mund t\u00eb siguronin n\u00eb koh\u00eb dokumentacionin p\u00ebrkat\u00ebs n\u00eb institucionet bankare apo shtet\u00ebrore n\u00eb vende t\u00eb huaja.<\/p>\n<p>Gara e deformuar e Kushtetueses<\/p>\n<p>Nj\u00eb situat\u00eb e till\u00eb, sidomos p\u00ebr shkak t\u00eb afateve ligjore t\u00eb dor\u00ebzimit t\u00eb formular\u00ebve t\u00eb pasuris\u00eb, po p\u00ebrs\u00ebritet s\u00eb fundmi edhe n\u00eb gar\u00ebn p\u00ebr plot\u00ebsimin e Gjykat\u00ebs Kushtetuese.<\/p>\n<p>Ligji \u201cP\u00ebr organet e qeverisjes s\u00eb sistemit t\u00eb drejt\u00ebsis\u00eb\u201d parashikon se aplikant\u00ebt duhet t\u00eb dor\u00ebzonin pran\u00eb K\u00ebshillit t\u00eb Em\u00ebrimeve n\u00eb Drejt\u00ebsi (KED) formular\u00ebt e pasuris\u00eb brenda 15 dit\u00ebve nga hapja e procesit t\u00eb kandidimit.<\/p>\n<p>Ky nen favorizon gjyqtar\u00ebt dhe jurist\u00ebt e tjer\u00eb t\u00eb administrat\u00ebs, t\u00eb cil\u00ebt kan\u00eb deklaruar periodikisht nd\u00ebr vite pran\u00eb Inspektoratit t\u00eb Deklarimit t\u00eb Pasurive (ILDKPKI).<\/p>\n<p>Por ky afat shum\u00eb i kufizuar ligjor penalizon kandidat\u00ebt q\u00eb vijn\u00eb nga jasht\u00eb sistemit t\u00eb drejt\u00ebsis\u00eb, si edhe jurist\u00ebt q\u00eb kan\u00eb ushtruar aktivitetin e tyre jasht\u00eb Shqip\u00ebris\u00eb.<\/p>\n<p>Aplikantja\u00a0Suzana Frash\u00ebri\u00a0u t\u00ebrhoq nga gara p\u00ebr n\u00eb Gjykat\u00ebn Kushtetuese pasi nuk arrinte t\u00eb merrte dokumentacionin e nevojsh\u00ebm t\u00eb pasuris\u00eb s\u00eb saj nga Shtetet e Bashkuara t\u00eb Amerik\u00ebs, ku kishte jetuar, brenda afatit t\u00eb ligjit q\u00eb zbaton K\u00ebshilli i Em\u00ebrimeve n\u00eb Drejt\u00ebsi.<\/p>\n<p>Aplikanti tjet\u00ebr,\u00a0Genc Ismaili, u t\u00ebrhoq nga gara, duke aluduar p\u00ebr \u201ctrajtim joproporcional\u201d n\u00eb d\u00ebm t\u00eb kandidat\u00ebve q\u00eb vinin jasht\u00eb sistemit t\u00eb drejt\u00ebsis\u00eb. N\u00eb tekstin e dor\u00ebheqjes nga gara, aplikanti Ismali deklaron se, n\u00eb ushtrimin e aktivitetit privat si Avokat, ka qen\u00eb subjekt i kontrollit tatimor nd\u00ebr vite.<\/p>\n<p>N\u00eb shkres\u00ebn drejtuar KED-s\u00eb, aplikanti Ismali shprehet se:\u00a0\u201c\u2026p\u00ebr nj\u00eb proces duksh\u00ebm selektiv, me artifica t\u00eb pabazuara ligj\u00ebrisht dhe logjikisht\u201d. Ai e mbyll letr\u00ebn e dor\u00ebheqjes me shprehjen: \u201cNuk krijoj bindjen p\u00ebr ecurin\u00eb e nj\u00eb gare konkurrimi t\u00eb besueshme\u201d.<\/p>\n<p>Raste \u201cTraja\u201d<\/p>\n<p>Kristaq Traja, ish-gjyqtar i Shqip\u00ebris\u00eb n\u00eb Strasburg dhe ekspert i caktuar nga Partia Socialiste p\u00ebr hartimin dhe mbrojtjen e amendamenteve kushtetuese t\u00eb vitit 2016, u ndalua nga K\u00ebshilli i Em\u00ebrimeve n\u00eb Drejt\u00ebsi p\u00ebr t\u00eb vijuar procesin e kandidimit p\u00ebr n\u00eb Gjykat\u00eb Kushtetuese, po p\u00ebr shkak t\u00eb formular\u00ebve t\u00eb pasuris\u00eb.<\/p>\n<p>Traja e ka pasur t\u00eb pamundur plot\u00ebsimin e t\u00eb dh\u00ebnave pasurore, p\u00ebr shkak se djemt\u00eb e tij, q\u00eb jetojn\u00eb n\u00eb Franc\u00eb, nuk mund t\u00eb dor\u00ebzonin n\u00eb koh\u00eb pasqyrat financiare. K\u00ebshilli i Em\u00ebrimeve n\u00eb Drejt\u00ebsi e p\u00ebrjashtoi nga gara, p\u00ebr faktin se nuk respektoi afatin ligjor p\u00ebr dor\u00ebzimin e formular\u00ebve.<\/p>\n<p>Juristi Traja e ankimoi vendimin e KED-s\u00eb n\u00eb Gjykat\u00ebn e Apelit Administrativ. Kjo e fundit e\u00a0rr\u00ebzoi padin\u00eb, duke l\u00ebn\u00eb n\u00eb fuqi vendimin e K\u00ebshillit t\u00eb Em\u00ebrimeve n\u00eb Drejt\u00ebsi.<\/p>\n<p>Sipas Gjykat\u00ebs s\u00eb Apelit Administrativ, ligji ka parashikuar afate strikte, t\u00eb cilat duhen respektuar nga kandidat\u00ebt. Gjithashtu, trupa gjyq\u00ebsore q\u00eb shqyrtoi k\u00ebt\u00eb padi, konstatoi se Traja jo vet\u00ebm q\u00eb nuk ka p\u00ebrmbushur detyrimin n\u00eb afat, por as nuk ka b\u00ebr\u00eb p\u00ebrpjekje p\u00ebr t\u00eb k\u00ebrkuar \u201cshtyrje afati\u201d nga institucioni q\u00eb administronte formularin e pasuris\u00eb, ILDKPKI.<\/p>\n<p>Por, edhe n\u00ebse Traja do t\u00eb kishte b\u00ebr\u00eb nj\u00eb k\u00ebrkes\u00eb administrative p\u00ebr \u201cshtyrje afati\u201d, ai nuk do t\u00eb arrinte asgj\u00eb.<\/p>\n<p>Rasti \u201cShehu\u201d<\/p>\n<p>N\u00eb nj\u00eb rast t\u00eb ngjash\u00ebm, K\u00ebshilli i Em\u00ebrimeve n\u00eb Drejt\u00ebsi rr\u00ebzoi si t\u00eb pamb\u00ebshtetur faktin q\u00eb kandidati Avni Shehu kishte k\u00ebrkuar nga ILDKPKI \u201cshtyrje afati\u201d p\u00ebr dor\u00ebzimin e formular\u00ebve t\u00eb pasuris\u00eb p\u00ebr \u201carsye objektive\u201d, t\u00eb cilat nuk vareshin nga vullneti i tij.<\/p>\n<p>Aplikanti Shehu kishte nisur mbledhjen e dokumentacionit p\u00ebr pasurin\u00eb e tij q\u00eb n\u00eb Janar 2019, koh\u00eb kur ai kishte aplikuar, por KED ende nuk e kishte hapur zyrtarisht gar\u00ebn e aplikimit.<\/p>\n<p>Gjat\u00eb procesit t\u00eb mbledhjes s\u00eb dokumentacionit, Shehu kishte konstatuar problematika n\u00eb veprimet e bank\u00ebs me llogarit\u00eb e bashk\u00ebshortes s\u00eb tij, notere.\u00a0 N\u00eb veprimet e bank\u00ebs, llogarit\u00eb e aktivitetit privat (noteri) i ishin atashuar llogarive personale t\u00eb bashk\u00ebshortes s\u00eb aplikantit, duke rritur n\u00eb k\u00ebt\u00eb m\u00ebnyr\u00eb, n\u00eb m\u00ebnyr\u00eb jo t\u00eb rregullt, pasurin\u00eb e familjes Shehu.<\/p>\n<p>Pasi ka konstatuar k\u00ebt\u00eb problematik\u00eb, aplikanti Avni Shehu ka k\u00ebrkuar nga banka e nivelit t\u00eb dyt\u00eb sakt\u00ebsimin e llogarive dhe ndarjen atyre personale nga ato t\u00eb biznesnit.<\/p>\n<p>Por, ky veprim k\u00ebrkonte koh\u00eb p\u00ebr t\u2019u realizuar nga banka, gj\u00eb q\u00eb pengonte aplikantin Shehu t\u00eb dor\u00ebzonte n\u00eb afat formular\u00ebt e pasuris\u00eb.<\/p>\n<p>Ai i ka dor\u00ebzuar ILDKPKI nj\u00eb k\u00ebrkes\u00eb p\u00ebr \u201cshtyrje afati\u201d dhe \u201ccaktim afati t\u00eb ri\u201d p\u00ebr dor\u00ebzimin e deklarat\u00ebs s\u00eb pasuris\u00eb, duke v\u00ebn\u00eb n\u00eb dijeni edhe K\u00ebshillin e Em\u00ebrimeve n\u00eb Drejt\u00ebsi.<\/p>\n<p>Po n\u00eb t\u00eb nj\u00ebjt\u00ebn k\u00ebrkes\u00eb, Shehu i drejtohet KED-s\u00eb q\u00eb, n\u00eb rast se k\u00ebrkesa p\u00ebr caktimin e nj\u00eb afati t\u00eb ri nuk merret n\u00eb konsiderat\u00eb, at\u00ebher\u00eb ai heq dor\u00eb nga kandidimi p\u00ebr an\u00ebtar t\u00eb Gjykat\u00ebs Kushtetuese, me q\u00ebllimin p\u00ebr t\u00eb mos penguar procesin e plot\u00ebsimit t\u00eb vendeve vakante n\u00eb at\u00eb institucion.<\/p>\n<p>K\u00ebshilli i Em\u00ebrimeve n\u00eb Drejt\u00ebsi, me\u00a0vendimin\u00a0nr. 29, dt. 14.05.2019 vendosi \u201cp\u00ebrfundimin e procedur\u00ebs s\u00eb verifikimit\u201d, duke i pranuar \u201ck\u00ebrkes\u00ebn e dor\u00ebheqjes\u201d, e cila, automatikisht rr\u00ebzoi k\u00ebrkes\u00ebn e par\u00eb t\u00eb tij, at\u00eb t\u00eb caktimit t\u00eb nj\u00eb afati t\u00eb ri p\u00ebr dor\u00ebzimin e formularit\/Boldnews.al\/<\/p>\n<p>&nbsp;<\/p>\n","protected":false},"excerpt":{"rendered":"<p>N\u00eb Shkurt 2017, ambasadori amerikan i asaj kohe, Donald Lu, e m\u00eb pas, kolegia e tij e preferuar e Bashkimit Europian, Romana Vlahutin, u b\u00ebn\u00eb thirrje \u201cnd\u00ebrgjegjes\u201d s\u00eb jurist\u00ebve shqiptar\u00eb, sidomos atyre q\u00eb jetonin e punonin jasht\u00eb, p\u00ebr t\u00eb aplikuar p\u00ebr institucionet e reja t\u00eb Reform\u00ebs n\u00eb Drejt\u00ebsi. Thirrjet e Lu-Vlahutin vinin n\u00eb nj\u00eb periudh\u00eb [&hellip;]<\/p>\n","protected":false},"author":2013,"featured_media":94916,"comment_status":"open","ping_status":"closed","sticky":false,"template":"","format":"standard","meta":{"footnotes":""},"categories":[241,235],"tags":[],"class_list":{"0":"post-96769","1":"post","2":"type-post","3":"status-publish","4":"format-standard","5":"has-post-thumbnail","7":"category-aktualitet","8":"category-vendi"},"_links":{"self":[{"href":"https:\/\/zjarr.tv\/sq\/wp-json\/wp\/v2\/posts\/96769","targetHints":{"allow":["GET"]}}],"collection":[{"href":"https:\/\/zjarr.tv\/sq\/wp-json\/wp\/v2\/posts"}],"about":[{"href":"https:\/\/zjarr.tv\/sq\/wp-json\/wp\/v2\/types\/post"}],"author":[{"embeddable":true,"href":"https:\/\/zjarr.tv\/sq\/wp-json\/wp\/v2\/users\/2013"}],"replies":[{"embeddable":true,"href":"https:\/\/zjarr.tv\/sq\/wp-json\/wp\/v2\/comments?post=96769"}],"version-history":[{"count":0,"href":"https:\/\/zjarr.tv\/sq\/wp-json\/wp\/v2\/posts\/96769\/revisions"}],"wp:featuredmedia":[{"embeddable":true,"href":"https:\/\/zjarr.tv\/sq\/wp-json\/wp\/v2\/media\/94916"}],"wp:attachment":[{"href":"https:\/\/zjarr.tv\/sq\/wp-json\/wp\/v2\/media?parent=96769"}],"wp:term":[{"taxonomy":"category","embeddable":true,"href":"https:\/\/zjarr.tv\/sq\/wp-json\/wp\/v2\/categories?post=96769"},{"taxonomy":"post_tag","embeddable":true,"href":"https:\/\/zjarr.tv\/sq\/wp-json\/wp\/v2\/tags?post=96769"}],"curies":[{"name":"wp","href":"https:\/\/api.w.org\/{rel}","templated":true}]}}