{"id":96771,"date":"2019-07-17T13:52:32","date_gmt":"2019-07-17T11:52:32","guid":{"rendered":"https:\/\/zjarr.tv\/?p=96771"},"modified":"2019-07-17T13:52:32","modified_gmt":"2019-07-17T11:52:32","slug":"franca-kthen-me-charter-29-azilkerkues-nder-ta-edhe-nje-familje-me-5-anetare","status":"publish","type":"post","link":"https:\/\/zjarr.tv\/sq\/franca-kthen-me-charter-29-azilkerkues-nder-ta-edhe-nje-familje-me-5-anetare\/","title":{"rendered":"Franca kthen me &#8216;charter&#8217; 29 azilk\u00ebrkues, nd\u00ebr ta edhe nj\u00eb familje me 5 an\u00ebtar\u00eb"},"content":{"rendered":"<p>Vijon\u00eb n\u00eb Rinas, operacionet e p\u00ebrbashk\u00ebta t\u00eb riatdhesimit t\u00eb shtetasve shqiptar\u00eb t\u00eb cil\u00ebve u \u00ebsht\u00eb refuzuar azili n\u00eb vendet e BE-s\u00eb. Sot u kthyen\u00a029 shtetas nga Franca, mes tyre edhe nj\u00eb familje me 5 an\u00ebtar\u00eb\u00a0si dhe u deportuan\u00a0nga vendet e BE-s\u00eb edhe 17 shtetas t\u00eb tjer\u00eb shqiptar\u00eb.<\/p>\n<p>Policia Kufitare n\u00eb bashk\u00ebpunim me Policin\u00eb Franceze\u00a0vijuan\u00a0operacionet e p\u00ebrbashk\u00ebta t\u00eb riatdhesimit, ku n\u00ebp\u00ebrmjet dy fluturimeve me charter nga Franca jan\u00eb riatdhesuar 29 shtetas shqiptar\u00eb, t\u00eb cil\u00ebve u \u00ebsht\u00eb refuzuar azili n\u00eb Franc\u00eb, n\u00eb nj\u00ebrin prej fluturimeve nj\u00eb familje me 5 an\u00ebtar\u00eb.<\/p>\n<p>Gjithashtu u\u00a0deportuan edhe 17 t\u00eb tjer\u00eb me motivin &#8221;Q\u00ebndrim i parregullt n\u00eb territor&#8221;, &#8221;P\u00ebfunduar vuajtjen e d\u00ebnimit n\u00eb vendet e BE -s\u00eb&#8221;, &#8221; Tentativ\u00eb kalimi ilegal p\u00ebr n\u00eb Mbreterin\u00eb e Bashkuar&#8221;, &#8221;Tejkalim i afatit t\u00eb q\u00ebndrimit n\u00eb territor&#8221; dhe &#8221;Refuzim azili n\u00eb vendet e BE-s\u00eb&#8221;.<\/p>\n<p>Operacionet e riatdhesimit do vijojn\u00eb edhe n\u00eb jav\u00ebt e ardhshme dhe n\u00eb k\u00ebt\u00eb kontekst, Policia e Shtetit apelon edhe nj\u00ebher\u00eb p\u00ebr t\u00eb gjith\u00eb shtetasit shqiptar\u00eb q\u00eb udh\u00ebtojn\u00eb p\u00ebr n\u00eb vendet e BE-s\u00eb q\u00eb t\u00eb respektojn\u00eb rregullat e l\u00ebvizjes n\u00eb hap\u00ebsir\u00ebn Schengen, si dhe mos b\u00ebjn\u00eb asnj\u00eb tentativ\u00eb p\u00ebr t\u00eb k\u00ebrkuar azil, pasi shanset p\u00ebr t\u2019a fituar at\u00eb jan\u00eb zero.<\/p>\n<p>Nj\u00ebkoh\u00ebsisht Policia Kufitare njoftoi se\u00a0 n\u00eb pikat e kalimit do vijoj\u00eb me kontrollet rigoroze n\u00eb drejtim t\u00eb verifikimit t\u00eb dokumentacionit dhe plot\u00ebsimit t\u00eb kushteve p\u00ebr t\u00eb udh\u00ebtuar n\u00eb vendet e BE-s\u00eb, si dhe t\u00eb kontrollit m\u00eb t\u00eb rrept\u00eb t\u00eb kufirit jeshil.<\/p>\n<p>&nbsp;<\/p>\n","protected":false},"excerpt":{"rendered":"<p>Vijon\u00eb n\u00eb Rinas, operacionet e p\u00ebrbashk\u00ebta t\u00eb riatdhesimit t\u00eb shtetasve shqiptar\u00eb t\u00eb cil\u00ebve u \u00ebsht\u00eb refuzuar azili n\u00eb vendet e BE-s\u00eb. Sot u kthyen\u00a029 shtetas nga Franca, mes tyre edhe nj\u00eb familje me 5 an\u00ebtar\u00eb\u00a0si dhe u deportuan\u00a0nga vendet e BE-s\u00eb edhe 17 shtetas t\u00eb tjer\u00eb shqiptar\u00eb. Policia Kufitare n\u00eb bashk\u00ebpunim me Policin\u00eb Franceze\u00a0vijuan\u00a0operacionet e [&hellip;]<\/p>\n","protected":false},"author":2013,"featured_media":96772,"comment_status":"open","ping_status":"closed","sticky":false,"template":"","format":"standard","meta":{"footnotes":""},"categories":[241,235],"tags":[],"class_list":{"0":"post-96771","1":"post","2":"type-post","3":"status-publish","4":"format-standard","5":"has-post-thumbnail","7":"category-aktualitet","8":"category-vendi"},"_links":{"self":[{"href":"https:\/\/zjarr.tv\/sq\/wp-json\/wp\/v2\/posts\/96771","targetHints":{"allow":["GET"]}}],"collection":[{"href":"https:\/\/zjarr.tv\/sq\/wp-json\/wp\/v2\/posts"}],"about":[{"href":"https:\/\/zjarr.tv\/sq\/wp-json\/wp\/v2\/types\/post"}],"author":[{"embeddable":true,"href":"https:\/\/zjarr.tv\/sq\/wp-json\/wp\/v2\/users\/2013"}],"replies":[{"embeddable":true,"href":"https:\/\/zjarr.tv\/sq\/wp-json\/wp\/v2\/comments?post=96771"}],"version-history":[{"count":0,"href":"https:\/\/zjarr.tv\/sq\/wp-json\/wp\/v2\/posts\/96771\/revisions"}],"wp:featuredmedia":[{"embeddable":true,"href":"https:\/\/zjarr.tv\/sq\/wp-json\/wp\/v2\/media\/96772"}],"wp:attachment":[{"href":"https:\/\/zjarr.tv\/sq\/wp-json\/wp\/v2\/media?parent=96771"}],"wp:term":[{"taxonomy":"category","embeddable":true,"href":"https:\/\/zjarr.tv\/sq\/wp-json\/wp\/v2\/categories?post=96771"},{"taxonomy":"post_tag","embeddable":true,"href":"https:\/\/zjarr.tv\/sq\/wp-json\/wp\/v2\/tags?post=96771"}],"curies":[{"name":"wp","href":"https:\/\/api.w.org\/{rel}","templated":true}]}}