{"id":96776,"date":"2019-07-17T13:55:00","date_gmt":"2019-07-17T11:55:00","guid":{"rendered":"https:\/\/zjarr.tv\/?p=96776"},"modified":"2019-07-17T13:55:00","modified_gmt":"2019-07-17T11:55:00","slug":"babalja-deshmon-ish-kreu-i-policise-fier-si-e-takova-alizotin","status":"publish","type":"post","link":"https:\/\/zjarr.tv\/sq\/babalja-deshmon-ish-kreu-i-policise-fier-si-e-takova-alizotin\/","title":{"rendered":"\u201cBabalja\u201d, d\u00ebshmon ish-kreu i Policis\u00eb Fier: Si e takova Alizotin"},"content":{"rendered":"<p>\u00cbsht\u00eb rikthyer s\u00ebrish sot v\u00ebmendje te \u00e7\u00ebshtja e bujshme e audio-p\u00ebrgjimit t\u00eb publikuar nga Partia demokratike, e njohur edhe si \u201cBabalja\u201d, n\u00eb t\u00eb cilin thuhej se v\u00ebllai i ish-ministrit t\u00eb Brendsh\u00ebm, Fatmir Xhafaj, Agron Xhafaj, ishte i implikuar n\u00eb trafikun nd\u00ebrkomb\u00ebtar t\u00eb drog\u00ebs.<\/p>\n<p>Sipas p\u00ebrgjimeve t\u00eb publikuar nga PD, n\u00eb dosjen \u201cBabalja\u201d ishin t\u00eb implikuar shum\u00eb zyrtar\u00eb shqiptar\u00eb, nj\u00eb pjes\u00eb e t\u00eb cil\u00ebve jan\u00eb n\u00eb hetim.<\/p>\n<p>B\u00ebhet fjal\u00eb p\u00ebr ish-drejtorin e Policis\u00eb s\u00eb Fierit, Albert Nushi, dhe ish-z\u00ebvend\u00ebsdrejtorin e Policis\u00eb s\u00eb Tiran\u00ebs, Erzen Bre\u00e7ani, t\u00eb cil\u00ebt kan\u00eb d\u00ebshmuar dit\u00ebn e sotme te Krimet e R\u00ebnda, lidhur me audio-p\u00ebrgjimet.<\/p>\n<p>\u201cIsha duke shkuar n\u00eb Tiran\u00eb, u ktheva t\u00eb takoj Fred Alizonit. Jam kthyer nga rruga dhe jam takuar me t\u00eb. Alizoti telefonoi sall\u00ebn operative t\u00eb b\u00ebnte kall\u00ebzim. At\u00eb e njihja p\u00ebr shkak t\u00eb detyr\u00ebs\u201d, m\u00ebsohet t\u00eb ket\u00eb th\u00ebn\u00eb Nushi para togave t\u00eb zeza.<\/p>\n<p>&nbsp;<\/p>\n<p>&nbsp;<\/p>\n<p>&nbsp;<\/p>\n<p>&nbsp;<\/p>\n<p>&nbsp;<\/p>\n","protected":false},"excerpt":{"rendered":"<p>\u00cbsht\u00eb rikthyer s\u00ebrish sot v\u00ebmendje te \u00e7\u00ebshtja e bujshme e audio-p\u00ebrgjimit t\u00eb publikuar nga Partia demokratike, e njohur edhe si \u201cBabalja\u201d, n\u00eb t\u00eb cilin thuhej se v\u00ebllai i ish-ministrit t\u00eb Brendsh\u00ebm, Fatmir Xhafaj, Agron Xhafaj, ishte i implikuar n\u00eb trafikun nd\u00ebrkomb\u00ebtar t\u00eb drog\u00ebs. Sipas p\u00ebrgjimeve t\u00eb publikuar nga PD, n\u00eb dosjen \u201cBabalja\u201d ishin t\u00eb implikuar [&hellip;]<\/p>\n","protected":false},"author":2013,"featured_media":0,"comment_status":"open","ping_status":"closed","sticky":false,"template":"","format":"standard","meta":{"footnotes":""},"categories":[241,235],"tags":[],"class_list":{"0":"post-96776","1":"post","2":"type-post","3":"status-publish","4":"format-standard","6":"category-aktualitet","7":"category-vendi"},"_links":{"self":[{"href":"https:\/\/zjarr.tv\/sq\/wp-json\/wp\/v2\/posts\/96776","targetHints":{"allow":["GET"]}}],"collection":[{"href":"https:\/\/zjarr.tv\/sq\/wp-json\/wp\/v2\/posts"}],"about":[{"href":"https:\/\/zjarr.tv\/sq\/wp-json\/wp\/v2\/types\/post"}],"author":[{"embeddable":true,"href":"https:\/\/zjarr.tv\/sq\/wp-json\/wp\/v2\/users\/2013"}],"replies":[{"embeddable":true,"href":"https:\/\/zjarr.tv\/sq\/wp-json\/wp\/v2\/comments?post=96776"}],"version-history":[{"count":0,"href":"https:\/\/zjarr.tv\/sq\/wp-json\/wp\/v2\/posts\/96776\/revisions"}],"wp:attachment":[{"href":"https:\/\/zjarr.tv\/sq\/wp-json\/wp\/v2\/media?parent=96776"}],"wp:term":[{"taxonomy":"category","embeddable":true,"href":"https:\/\/zjarr.tv\/sq\/wp-json\/wp\/v2\/categories?post=96776"},{"taxonomy":"post_tag","embeddable":true,"href":"https:\/\/zjarr.tv\/sq\/wp-json\/wp\/v2\/tags?post=96776"}],"curies":[{"name":"wp","href":"https:\/\/api.w.org\/{rel}","templated":true}]}}