{"id":96786,"date":"2019-07-17T14:12:12","date_gmt":"2019-07-17T12:12:12","guid":{"rendered":"https:\/\/zjarr.tv\/?p=96786"},"modified":"2019-07-17T14:12:12","modified_gmt":"2019-07-17T12:12:12","slug":"saimir-tahiri-me-rrudha-e-thinja","status":"publish","type":"post","link":"https:\/\/zjarr.tv\/sq\/saimir-tahiri-me-rrudha-e-thinja\/","title":{"rendered":"Saimir Tahiri me rrudha e thinja"},"content":{"rendered":"<p>Aplikacioni FaceApp ka p\u00ebrfshir\u00eb edhe ish-Ministrin e Brendsh\u00ebm, Saimir Tahirin.<\/p>\n<p>Duket se Tahiri ka pasur kuriozitet p\u00ebr t\u00eb par\u00eb sesi do duket kur t\u00eb jet\u00eb i moshuar.<\/p>\n<p>Ai publikoi fotografin\u00eb n\u00eb Facebook me nj\u00eb mesazh edhe n\u00eb lidhje me procesin e tij gjyq\u00ebsor q\u00eb u shty p\u00ebr t\u00eb tret\u00ebn her\u00eb.<\/p>\n<p>Ish ministri u shpreh se do jet\u00eb plakur derisa gjyqi ndaj tij t\u00eb p\u00ebrfundoj\u00eb.<\/p>\n<p><em>\u201cDuke pritur gjyqin&#8230; Nj\u00eb gjyq qe duhet te ishte shembull korrektese e profesionalizmi, u shty edhe sot. Hera 1re u shty se posta padashje kishte grisur letrat. Hera e 2te se polici nuk kishte bere njoftimet. Hera e 3te (sot) se Prokuroria kishte humbur ca letra e nuk i gjente dot. Letrat me te cilat k\u00ebrkoi arrestimin tim ne parlament, sot i kishin humbur.<\/em><\/p>\n<p><em>QESHARAAAAAKE!!!!! Shty e shty e shty&#8230;por dita ime nuk largohet dot,\u201d<\/em>-shkroi Tahiri.<\/p>\n<p>Gjykata p\u00ebr Krime t\u00eb R\u00ebnda hapi sot shqyrtimin gjyq\u00ebsor p\u00ebr ish-ministrin Saimir Tahiri dhe Jaeld \u00c7el\u00ebn, nd\u00ebrsa u detyrua t\u00eb shtyj\u00eb seanc\u00ebn pasi n\u00eb dosje mungonte p\u00ebrkthimi i d\u00ebshmive t\u00eb t\u00eb pandehurve Moisi Habilaj dhe Nezar Seiti.<\/p>\n<p>Ish-ministri k\u00ebrkoi q\u00eb seanca e sotme t\u00eb mos shtyhej nd\u00ebrsa tha se hiqte dor\u00eb nga k\u00ebto d\u00ebshmi q\u00eb ishin n\u00eb favor t\u00eb tij dhe gjykimi t\u00eb vazhdonte.<\/p>\n<p>&nbsp;<\/p>\n","protected":false},"excerpt":{"rendered":"<p>Aplikacioni FaceApp ka p\u00ebrfshir\u00eb edhe ish-Ministrin e Brendsh\u00ebm, Saimir Tahirin. Duket se Tahiri ka pasur kuriozitet p\u00ebr t\u00eb par\u00eb sesi do duket kur t\u00eb jet\u00eb i moshuar. Ai publikoi fotografin\u00eb n\u00eb Facebook me nj\u00eb mesazh edhe n\u00eb lidhje me procesin e tij gjyq\u00ebsor q\u00eb u shty p\u00ebr t\u00eb tret\u00ebn her\u00eb. Ish ministri u shpreh se [&hellip;]<\/p>\n","protected":false},"author":2013,"featured_media":96787,"comment_status":"open","ping_status":"closed","sticky":false,"template":"","format":"standard","meta":{"footnotes":""},"categories":[241,235],"tags":[],"class_list":{"0":"post-96786","1":"post","2":"type-post","3":"status-publish","4":"format-standard","5":"has-post-thumbnail","7":"category-aktualitet","8":"category-vendi"},"_links":{"self":[{"href":"https:\/\/zjarr.tv\/sq\/wp-json\/wp\/v2\/posts\/96786","targetHints":{"allow":["GET"]}}],"collection":[{"href":"https:\/\/zjarr.tv\/sq\/wp-json\/wp\/v2\/posts"}],"about":[{"href":"https:\/\/zjarr.tv\/sq\/wp-json\/wp\/v2\/types\/post"}],"author":[{"embeddable":true,"href":"https:\/\/zjarr.tv\/sq\/wp-json\/wp\/v2\/users\/2013"}],"replies":[{"embeddable":true,"href":"https:\/\/zjarr.tv\/sq\/wp-json\/wp\/v2\/comments?post=96786"}],"version-history":[{"count":0,"href":"https:\/\/zjarr.tv\/sq\/wp-json\/wp\/v2\/posts\/96786\/revisions"}],"wp:featuredmedia":[{"embeddable":true,"href":"https:\/\/zjarr.tv\/sq\/wp-json\/wp\/v2\/media\/96787"}],"wp:attachment":[{"href":"https:\/\/zjarr.tv\/sq\/wp-json\/wp\/v2\/media?parent=96786"}],"wp:term":[{"taxonomy":"category","embeddable":true,"href":"https:\/\/zjarr.tv\/sq\/wp-json\/wp\/v2\/categories?post=96786"},{"taxonomy":"post_tag","embeddable":true,"href":"https:\/\/zjarr.tv\/sq\/wp-json\/wp\/v2\/tags?post=96786"}],"curies":[{"name":"wp","href":"https:\/\/api.w.org\/{rel}","templated":true}]}}