{"id":96797,"date":"2019-07-17T14:46:39","date_gmt":"2019-07-17T12:46:39","guid":{"rendered":"https:\/\/zjarr.tv\/?p=96797"},"modified":"2019-07-17T14:46:39","modified_gmt":"2019-07-17T12:46:39","slug":"gjykata-e-tiranes-nuk-i-njeh-zgjedhjet-rrezon-kryebashkiakun","status":"publish","type":"post","link":"https:\/\/zjarr.tv\/sq\/gjykata-e-tiranes-nuk-i-njeh-zgjedhjet-rrezon-kryebashkiakun\/","title":{"rendered":"Gjykata e Tiran\u00ebs nuk i njeh zgjedhjet, rr\u00ebzon kryebashkiakun &#8230;"},"content":{"rendered":"<p>Edhe gjykata e Tiran\u00ebs ka nxjerr\u00eb vendimin e saj p\u00ebr zgedhjet moniste t\u00eb 30 qershorit.<\/p>\n<p>Ajo ka shpalluar moskompetenc\u00eb dhe e ka adresuar \u00e7eshtjen n\u00eb Gjykat\u00ebn e lart\u00eb.<\/p>\n<p>&nbsp;<\/p>\n","protected":false},"excerpt":{"rendered":"<p>Edhe gjykata e Tiran\u00ebs ka nxjerr\u00eb vendimin e saj p\u00ebr zgedhjet moniste t\u00eb 30 qershorit. Ajo ka shpalluar moskompetenc\u00eb dhe e ka adresuar \u00e7eshtjen n\u00eb Gjykat\u00ebn e lart\u00eb. &nbsp;<\/p>\n","protected":false},"author":2013,"featured_media":38161,"comment_status":"open","ping_status":"closed","sticky":false,"template":"","format":"standard","meta":{"footnotes":""},"categories":[241,235],"tags":[],"class_list":{"0":"post-96797","1":"post","2":"type-post","3":"status-publish","4":"format-standard","5":"has-post-thumbnail","7":"category-aktualitet","8":"category-vendi"},"_links":{"self":[{"href":"https:\/\/zjarr.tv\/sq\/wp-json\/wp\/v2\/posts\/96797","targetHints":{"allow":["GET"]}}],"collection":[{"href":"https:\/\/zjarr.tv\/sq\/wp-json\/wp\/v2\/posts"}],"about":[{"href":"https:\/\/zjarr.tv\/sq\/wp-json\/wp\/v2\/types\/post"}],"author":[{"embeddable":true,"href":"https:\/\/zjarr.tv\/sq\/wp-json\/wp\/v2\/users\/2013"}],"replies":[{"embeddable":true,"href":"https:\/\/zjarr.tv\/sq\/wp-json\/wp\/v2\/comments?post=96797"}],"version-history":[{"count":0,"href":"https:\/\/zjarr.tv\/sq\/wp-json\/wp\/v2\/posts\/96797\/revisions"}],"wp:featuredmedia":[{"embeddable":true,"href":"https:\/\/zjarr.tv\/sq\/wp-json\/wp\/v2\/media\/38161"}],"wp:attachment":[{"href":"https:\/\/zjarr.tv\/sq\/wp-json\/wp\/v2\/media?parent=96797"}],"wp:term":[{"taxonomy":"category","embeddable":true,"href":"https:\/\/zjarr.tv\/sq\/wp-json\/wp\/v2\/categories?post=96797"},{"taxonomy":"post_tag","embeddable":true,"href":"https:\/\/zjarr.tv\/sq\/wp-json\/wp\/v2\/tags?post=96797"}],"curies":[{"name":"wp","href":"https:\/\/api.w.org\/{rel}","templated":true}]}}