{"id":96876,"date":"2019-07-17T16:01:48","date_gmt":"2019-07-17T14:01:48","guid":{"rendered":"https:\/\/zjarr.tv\/?p=96876"},"modified":"2019-07-17T16:01:48","modified_gmt":"2019-07-17T14:01:48","slug":"zaganjori-pas-seances-se-kpa-sndjej-presion-i-permbahem-ligjit","status":"publish","type":"post","link":"https:\/\/zjarr.tv\/sq\/zaganjori-pas-seances-se-kpa-sndjej-presion-i-permbahem-ligjit\/","title":{"rendered":"Zaganjori pas seanc\u00ebs s\u00eb KPA: S\u2019ndjej presion i p\u00ebrmbahem ligjit"},"content":{"rendered":"<p>Kryetari i Gjykat\u00ebs s\u00eb Lart\u00eb Xhezair Zaganjori n\u00eb fjal\u00ebn e tij pas seanc\u00ebs s\u00eb KPA deklaroi se vettingu me t\u00eb vazhdon m\u00eb shum\u00eb se nj\u00eb vit. Ai tha se nuk mund t\u00eb gjykoj\u00eb dot procesin e vettingut dhe se do i p\u00ebrmbahet ligjit.<\/p>\n<p>\u201cSigurisht q\u00eb un\u00eb jam shum\u00eb i qet\u00eb, sepse gjat\u00eb gjith\u00eb k\u00ebtij procesi, jam p\u00ebrpjekur t\u00eb b\u00ebj m\u00eb t\u00eb mir\u00ebn q\u00eb t\u00eb paraqes\u00eb jo vet\u00ebm dokumentacionin, por t\u2019iu p\u00ebrgjigjem pyetjeve. Kam paraqitur m\u00eb shum\u00eb se 120 dokumente. Personalisht ndihem shum\u00eb i qet\u00eb n\u00eb vetvete.<\/p>\n<p>Duhet t\u00eb presim q\u00eb Kolegji i Apelimit t\u00eb marr\u00eb n\u00eb shqyrtim pretendimet e mia dhe Komisionerit Publik. Si un\u00eb si ju do t\u00eb presim dat\u00ebn 26 p\u00ebr t\u00eb marr\u00eb p\u00ebrgjigje. Un\u00eb theksova faktin se gjat\u00eb hetimit administrative, edhe gjat\u00eb gjykimit n\u00eb seanc\u00eb, dokumentet q\u00eb jan\u00eb k\u00ebrkuar nga Komisioneri Publik un\u00eb i kam dh\u00ebn\u00eb. Un\u00eb paraqita dokumentet dhe menj\u00ebher\u00eb m\u00eb dat\u00eb 10 korrik, dsia prej tyre jan\u00eb cil\u00ebsuar sikur s\u2019kan\u00eb vler\u00eb. Ata kan\u00eb vler\u00eb, kan\u00eb vula, un\u00eb mendoj se duhet t\u00eb merren n\u00eb konsiderat\u00eb. Ai q\u00eb vendos \u00ebsht\u00eb Komisioneri Publik\u201d, tha ai.<\/p>\n<p>Xhezair Zaganjori theksoi se nuk ndihet aspak n\u00eb presion dhe se \u00ebsht\u00eb dakord me synimin p\u00ebr t\u00eb b\u00ebr\u00eb nj\u00eb reform\u00eb t\u00ebr\u00ebsore gjyq\u00ebsore.<\/p>\n<p>\u201cDetyra e Komisionerit Publik \u00ebsht\u00eb t\u00eb mbroj\u00eb interesin e publikut dhe n\u00eb k\u00ebt\u00eb m\u00ebnyr\u00eb duhet\u00a0 t\u00eb ngrej\u00eb probleme. Ajo q\u00eb \u00ebsht\u00eb dokument. Ka m\u00eb shum\u00eb se 1 vit q\u00eb jam n\u00eb proces vettingu. Sigurisht q\u00eb synohet t\u00eb b\u00ebhet reform\u00eb dhe ne kemi p\u00ebr detyr\u00eb q\u00eb t\u00eb respektojm\u00eb k\u00ebt\u00eb proces. Un\u00eb nuk e ndjej veten n\u00eb presion. \u00a0Gjykata e Lart\u00eb nuk funksionon p\u00ebr shkak t\u00eb proceseve q\u00eb dihen. Un\u00eb do t\u00eb rri n\u00eb at\u00eb zyr\u00eb p\u00ebr sa koh\u00eb m\u00eb lejohet me ligj. P\u00ebr shkak edhe t\u00eb funksionit q\u00eb kam, un\u00eb jam munduar q\u00eb t\u00eb jem i qart\u00eb dhe i drejtp\u00ebrdrejt\u00eb n\u00eb p\u00ebrgjigjet q\u00eb kam dh\u00ebn\u00eb. Procesin nuk e vler\u00ebsoj dot un\u00eb.\u201d, deklaroi Zaganjori, kryetar i Gjykat\u00ebs s\u00eb Lart\u00eb.<\/p>\n<p>&nbsp;<\/p>\n","protected":false},"excerpt":{"rendered":"<p>Kryetari i Gjykat\u00ebs s\u00eb Lart\u00eb Xhezair Zaganjori n\u00eb fjal\u00ebn e tij pas seanc\u00ebs s\u00eb KPA deklaroi se vettingu me t\u00eb vazhdon m\u00eb shum\u00eb se nj\u00eb vit. Ai tha se nuk mund t\u00eb gjykoj\u00eb dot procesin e vettingut dhe se do i p\u00ebrmbahet ligjit. \u201cSigurisht q\u00eb un\u00eb jam shum\u00eb i qet\u00eb, sepse gjat\u00eb gjith\u00eb k\u00ebtij procesi, [&hellip;]<\/p>\n","protected":false},"author":2013,"featured_media":52613,"comment_status":"open","ping_status":"closed","sticky":false,"template":"","format":"standard","meta":{"footnotes":""},"categories":[241,235],"tags":[],"class_list":{"0":"post-96876","1":"post","2":"type-post","3":"status-publish","4":"format-standard","5":"has-post-thumbnail","7":"category-aktualitet","8":"category-vendi"},"_links":{"self":[{"href":"https:\/\/zjarr.tv\/sq\/wp-json\/wp\/v2\/posts\/96876","targetHints":{"allow":["GET"]}}],"collection":[{"href":"https:\/\/zjarr.tv\/sq\/wp-json\/wp\/v2\/posts"}],"about":[{"href":"https:\/\/zjarr.tv\/sq\/wp-json\/wp\/v2\/types\/post"}],"author":[{"embeddable":true,"href":"https:\/\/zjarr.tv\/sq\/wp-json\/wp\/v2\/users\/2013"}],"replies":[{"embeddable":true,"href":"https:\/\/zjarr.tv\/sq\/wp-json\/wp\/v2\/comments?post=96876"}],"version-history":[{"count":0,"href":"https:\/\/zjarr.tv\/sq\/wp-json\/wp\/v2\/posts\/96876\/revisions"}],"wp:featuredmedia":[{"embeddable":true,"href":"https:\/\/zjarr.tv\/sq\/wp-json\/wp\/v2\/media\/52613"}],"wp:attachment":[{"href":"https:\/\/zjarr.tv\/sq\/wp-json\/wp\/v2\/media?parent=96876"}],"wp:term":[{"taxonomy":"category","embeddable":true,"href":"https:\/\/zjarr.tv\/sq\/wp-json\/wp\/v2\/categories?post=96876"},{"taxonomy":"post_tag","embeddable":true,"href":"https:\/\/zjarr.tv\/sq\/wp-json\/wp\/v2\/tags?post=96876"}],"curies":[{"name":"wp","href":"https:\/\/api.w.org\/{rel}","templated":true}]}}