{"id":96878,"date":"2019-07-17T16:04:00","date_gmt":"2019-07-17T14:04:00","guid":{"rendered":"https:\/\/zjarr.tv\/?p=96878"},"modified":"2019-07-17T16:04:00","modified_gmt":"2019-07-17T14:04:00","slug":"basha-me-aleatet-takojne-sekretarin-e-pergjithshem-te-osbe","status":"publish","type":"post","link":"https:\/\/zjarr.tv\/sq\/basha-me-aleatet-takojne-sekretarin-e-pergjithshem-te-osbe\/","title":{"rendered":"Basha me aleat\u00ebt takojn\u00eb sekretarin e p\u00ebrgjithsh\u00ebm t\u00eb OSBE"},"content":{"rendered":"<p>Duket se situata politike n\u00eb Shqip\u00ebri ka \u00e7uar n\u00eb Vjen\u00eb kryedemokratin Lulzim Basha dhe aleat\u00ebt e tij.<\/p>\n<p>Burime p\u00ebr \u201cBalkanWeb\u201d b\u00ebn\u00eb me dije se Lulzim Basha, Monika Kryemadhi, Fatmir Mediu dhe Agron Duka kan\u00eb zhvilluar nj\u00eb takim me Sekretarin e P\u00ebrgjithsh\u00ebm te OSBE, z. Thomas Greminger, si dhe p\u00ebrfaq\u00ebsues\u00a0 t\u00eb tjer\u00eb t\u00eb k\u00ebsaj organizate, ku parashtruan kriz\u00ebn politike n\u00eb Shqip\u00ebri dhe rrug\u00ebn e zgjidhjes s\u00eb saj.<\/p>\n<p>&nbsp;<\/p>\n","protected":false},"excerpt":{"rendered":"<p>Duket se situata politike n\u00eb Shqip\u00ebri ka \u00e7uar n\u00eb Vjen\u00eb kryedemokratin Lulzim Basha dhe aleat\u00ebt e tij. Burime p\u00ebr \u201cBalkanWeb\u201d b\u00ebn\u00eb me dije se Lulzim Basha, Monika Kryemadhi, Fatmir Mediu dhe Agron Duka kan\u00eb zhvilluar nj\u00eb takim me Sekretarin e P\u00ebrgjithsh\u00ebm te OSBE, z. Thomas Greminger, si dhe p\u00ebrfaq\u00ebsues\u00a0 t\u00eb tjer\u00eb t\u00eb k\u00ebsaj organizate, ku [&hellip;]<\/p>\n","protected":false},"author":2013,"featured_media":96879,"comment_status":"open","ping_status":"closed","sticky":false,"template":"","format":"standard","meta":{"footnotes":""},"categories":[241,235],"tags":[],"class_list":{"0":"post-96878","1":"post","2":"type-post","3":"status-publish","4":"format-standard","5":"has-post-thumbnail","7":"category-aktualitet","8":"category-vendi"},"_links":{"self":[{"href":"https:\/\/zjarr.tv\/sq\/wp-json\/wp\/v2\/posts\/96878","targetHints":{"allow":["GET"]}}],"collection":[{"href":"https:\/\/zjarr.tv\/sq\/wp-json\/wp\/v2\/posts"}],"about":[{"href":"https:\/\/zjarr.tv\/sq\/wp-json\/wp\/v2\/types\/post"}],"author":[{"embeddable":true,"href":"https:\/\/zjarr.tv\/sq\/wp-json\/wp\/v2\/users\/2013"}],"replies":[{"embeddable":true,"href":"https:\/\/zjarr.tv\/sq\/wp-json\/wp\/v2\/comments?post=96878"}],"version-history":[{"count":0,"href":"https:\/\/zjarr.tv\/sq\/wp-json\/wp\/v2\/posts\/96878\/revisions"}],"wp:featuredmedia":[{"embeddable":true,"href":"https:\/\/zjarr.tv\/sq\/wp-json\/wp\/v2\/media\/96879"}],"wp:attachment":[{"href":"https:\/\/zjarr.tv\/sq\/wp-json\/wp\/v2\/media?parent=96878"}],"wp:term":[{"taxonomy":"category","embeddable":true,"href":"https:\/\/zjarr.tv\/sq\/wp-json\/wp\/v2\/categories?post=96878"},{"taxonomy":"post_tag","embeddable":true,"href":"https:\/\/zjarr.tv\/sq\/wp-json\/wp\/v2\/tags?post=96878"}],"curies":[{"name":"wp","href":"https:\/\/api.w.org\/{rel}","templated":true}]}}