{"id":96881,"date":"2019-07-17T16:06:48","date_gmt":"2019-07-17T14:06:48","guid":{"rendered":"https:\/\/zjarr.tv\/?p=96881"},"modified":"2019-07-17T16:06:48","modified_gmt":"2019-07-17T14:06:48","slug":"sekuestrohen-euro-toke-ne-bregdet-e-troje-policia-vijne-nga-krimi","status":"publish","type":"post","link":"https:\/\/zjarr.tv\/sq\/sekuestrohen-euro-toke-ne-bregdet-e-troje-policia-vijne-nga-krimi\/","title":{"rendered":"Sekuestrohen euro, tok\u00eb n\u00eb bregdet e troje, policia: Vijn\u00eb nga krimi"},"content":{"rendered":"<p>Policia e Shtetit ka finalizuar nj\u00eb tjet\u00ebr operacion n\u00eb bashk\u00ebpunim me Prokurorin\u00eb e Krimeve t\u00eb R\u00ebnda, p\u00ebr sekuestrimin e aseteve dhe pasuris\u00eb q\u00eb rrjedhin nga veprimtaria kriminale. Mij\u00ebra euro, tok\u00eb ranishe, tok\u00eb ar\u00eb, troje e godin\u00eb banimi jan\u00eb vendosur n\u00ebn sekuestro preventive.<br \/>\nNj\u00ebsia Hetimore pran\u00eb Task-Forc\u00ebs Speciale Qendrore, n\u00eb Departamentin e Policis\u00eb Kriminale, n\u00ebn drejtimin e Prokuroris\u00eb pran\u00eb Gjykat\u00ebs s\u00eb Shkall\u00ebs s\u00eb Par\u00eb p\u00ebr Krime t\u00eb R\u00ebnda dhe n\u00eb bashk\u00ebpunim me Agjencin\u00eb p\u00ebr Administrimin e Pasurive t\u00eb Sekuestruara dhe t\u00eb Konfiskuara, zhvilloi faz\u00ebn e dyt\u00eb t\u00eb operacionit policor \u201cBIZARK\u201d, p\u00ebr veprat penale \u201cPastrimi i produkteve t\u00eb vepr\u00ebs penale ose i veprimtaris\u00eb kriminale\u201d, n\u00eb bashk\u00ebpunim dhe \u201cGrup i strukturuar kriminal\u201d, faza e par\u00eb e t\u00eb cilit \u00ebsht\u00eb finalizuar n\u00eb dat\u00ebn 24.06.2018.<br \/>\nN\u00eb k\u00ebt\u00eb kuad\u00ebr u b\u00eb ekzekutimi i vendimit t\u00eb Gjykat\u00ebs, duke v\u00ebn\u00eb n\u00ebn sekuestro preventive disa pasuri t\u00eb luajtshme dhe t\u00eb paluajtshme t\u00eb shtetasve shqiptar\u00eb me iniciale: A. M., A. V., A. D., Gj. C. dhe K. M.<br \/>\nBazuar n\u00eb Vendimin e Gjykat\u00ebs s\u00eb Shkall\u00ebs s\u00eb Par\u00eb p\u00ebr Krime t\u00eb R\u00ebnda, u vendos\u00ebn n\u00ebn sekuestro pasurit\u00eb:<br \/>\nShuma prej 72 000 \u20ac eurosh n\u00eb llogarin\u00eb e Shoq\u00ebris\u00eb me inicialet \u201cTRC\u201d sh.p.k, pran\u00eb nj\u00eb banke t\u00eb nivelit t\u00eb dyt\u00eb;<br \/>\nRanishte me sip\u00ebrfaqe 11 167 m2 e ndodhur n\u00eb fshatin Dra\u00e7, Ish\u00ebm, n\u00eb Gjirin e Lalzit, Durr\u00ebs.<br \/>\nRanishte me sip\u00ebrfaqe 140 m2 e ndodhur n\u00eb fshatin Dra\u00e7, Ish\u00ebm, n\u00eb Gjirin e Lalzit, Durr\u00ebs.<br \/>\nToke Ar\u00eb me sip\u00ebrfaqe 873 m2 e ndodhur n\u00eb fshatin Dra\u00e7, Ish\u00ebm, n\u00eb Gjirin e Lalzit, Durr\u00ebs.<br \/>\nTruall me sip\u00ebrfaqe 404,5 m2 + godin\u00eb banimi 2 kat\u00ebshe, sip\u00ebrfaqe banimi kati p\u00ebrdhe 147,6 m2, sip\u00ebrfaqe verand\u00eb + shkall\u00eb 10,9 m2 + sip\u00ebrfaqe banimi kati i par\u00eb 158,5 m2, e ndodhur n\u00eb Nj\u00ebsin\u00eb Bashkiake Nr.11 Tiran\u00eb.<br \/>\nVazhdojn\u00eb veprimet procedurale n\u00eb bashk\u00ebpunim me Agjencin\u00eb p\u00ebr Administrimin e Pasurive t\u00eb Sekuestruara dhe t\u00eb Konfiskuara, p\u00ebr kalimin n\u00eb administrim nga shteti t\u00eb t\u00eb gjitha k\u00ebtyre pasurive.<br \/>\nPolicia e Shtetit \u00ebsht\u00eb e vendosur q\u00eb n\u00ebp\u00ebrmjet strukturave t\u00eb specializuara t\u00eb saj, n\u00eb bashk\u00ebpunim t\u00eb ngusht\u00eb me Prokurorin\u00eb dhe agjencit\u00eb e tjera ligjzbatuese, t\u00eb gjurmoj\u00eb, evidentoj\u00eb dhe sekuestroj\u00eb t\u00eb gjitha pasurit\u00eb q\u00eb rrjedhin nga veprimtarit\u00eb kriminale.<\/p>\n","protected":false},"excerpt":{"rendered":"<p>Policia e Shtetit ka finalizuar nj\u00eb tjet\u00ebr operacion n\u00eb bashk\u00ebpunim me Prokurorin\u00eb e Krimeve t\u00eb R\u00ebnda, p\u00ebr sekuestrimin e aseteve dhe pasuris\u00eb q\u00eb rrjedhin nga veprimtaria kriminale. Mij\u00ebra euro, tok\u00eb ranishe, tok\u00eb ar\u00eb, troje e godin\u00eb banimi jan\u00eb vendosur n\u00ebn sekuestro preventive. Nj\u00ebsia Hetimore pran\u00eb Task-Forc\u00ebs Speciale Qendrore, n\u00eb Departamentin e Policis\u00eb Kriminale, n\u00ebn drejtimin [&hellip;]<\/p>\n","protected":false},"author":2013,"featured_media":96882,"comment_status":"open","ping_status":"closed","sticky":false,"template":"","format":"standard","meta":{"footnotes":""},"categories":[241,235],"tags":[],"class_list":{"0":"post-96881","1":"post","2":"type-post","3":"status-publish","4":"format-standard","5":"has-post-thumbnail","7":"category-aktualitet","8":"category-vendi"},"_links":{"self":[{"href":"https:\/\/zjarr.tv\/sq\/wp-json\/wp\/v2\/posts\/96881","targetHints":{"allow":["GET"]}}],"collection":[{"href":"https:\/\/zjarr.tv\/sq\/wp-json\/wp\/v2\/posts"}],"about":[{"href":"https:\/\/zjarr.tv\/sq\/wp-json\/wp\/v2\/types\/post"}],"author":[{"embeddable":true,"href":"https:\/\/zjarr.tv\/sq\/wp-json\/wp\/v2\/users\/2013"}],"replies":[{"embeddable":true,"href":"https:\/\/zjarr.tv\/sq\/wp-json\/wp\/v2\/comments?post=96881"}],"version-history":[{"count":0,"href":"https:\/\/zjarr.tv\/sq\/wp-json\/wp\/v2\/posts\/96881\/revisions"}],"wp:featuredmedia":[{"embeddable":true,"href":"https:\/\/zjarr.tv\/sq\/wp-json\/wp\/v2\/media\/96882"}],"wp:attachment":[{"href":"https:\/\/zjarr.tv\/sq\/wp-json\/wp\/v2\/media?parent=96881"}],"wp:term":[{"taxonomy":"category","embeddable":true,"href":"https:\/\/zjarr.tv\/sq\/wp-json\/wp\/v2\/categories?post=96881"},{"taxonomy":"post_tag","embeddable":true,"href":"https:\/\/zjarr.tv\/sq\/wp-json\/wp\/v2\/tags?post=96881"}],"curies":[{"name":"wp","href":"https:\/\/api.w.org\/{rel}","templated":true}]}}