{"id":96892,"date":"2019-07-17T17:08:40","date_gmt":"2019-07-17T15:08:40","guid":{"rendered":"https:\/\/zjarr.tv\/?p=96892"},"modified":"2019-07-17T17:08:40","modified_gmt":"2019-07-17T15:08:40","slug":"gjykata-i-refuzoi-mandatin-flet-kandidatja-e-rames-ne-durres","status":"publish","type":"post","link":"https:\/\/zjarr.tv\/sq\/gjykata-i-refuzoi-mandatin-flet-kandidatja-e-rames-ne-durres\/","title":{"rendered":"Gjykata i refuzoi mandatin, flet kandidatja e Ram\u00ebs n\u00eb Durr\u00ebs"},"content":{"rendered":"<p>Gjykata e Durr\u00ebsit ka vendosur t\u00eb mos i jap\u00eb mandatin kandidates socialiste, Valbona Sakos, q\u00eb fitoi ne votimet e 30 qershorit.<\/p>\n<p>Sipas gjykat\u00ebs, arsyeja e k\u00ebtij refuzimi \u00ebsht\u00eb b\u00ebr\u00eb mosregjistrimi n\u00eb koh\u00eb i Bindjes Demokratike, q\u00eb mori pjes\u00eb n\u00eb zgjedhje.<\/p>\n<p>Nd\u00ebrkoh\u00eb, n\u00eb nj\u00eb prononcim p\u00ebr Tema TV menj\u00ebher\u00eb pasi vendimi u b\u00eb publik, Sako tha se do t\u00eb apeloj\u00eb n\u00eb shkall\u00ebn e dyt\u00eb t\u00eb gjyq\u00ebsorit.<\/p>\n<p>Kujtojm\u00eb q\u00eb bashkia e Durr\u00ebsit drejtohet nga Vangjush Dako.<\/p>\n<p>&nbsp;<\/p>\n","protected":false},"excerpt":{"rendered":"<p>Gjykata e Durr\u00ebsit ka vendosur t\u00eb mos i jap\u00eb mandatin kandidates socialiste, Valbona Sakos, q\u00eb fitoi ne votimet e 30 qershorit. Sipas gjykat\u00ebs, arsyeja e k\u00ebtij refuzimi \u00ebsht\u00eb b\u00ebr\u00eb mosregjistrimi n\u00eb koh\u00eb i Bindjes Demokratike, q\u00eb mori pjes\u00eb n\u00eb zgjedhje. Nd\u00ebrkoh\u00eb, n\u00eb nj\u00eb prononcim p\u00ebr Tema TV menj\u00ebher\u00eb pasi vendimi u b\u00eb publik, Sako tha [&hellip;]<\/p>\n","protected":false},"author":2013,"featured_media":38161,"comment_status":"open","ping_status":"closed","sticky":false,"template":"","format":"standard","meta":{"footnotes":""},"categories":[241,235],"tags":[],"class_list":{"0":"post-96892","1":"post","2":"type-post","3":"status-publish","4":"format-standard","5":"has-post-thumbnail","7":"category-aktualitet","8":"category-vendi"},"_links":{"self":[{"href":"https:\/\/zjarr.tv\/sq\/wp-json\/wp\/v2\/posts\/96892","targetHints":{"allow":["GET"]}}],"collection":[{"href":"https:\/\/zjarr.tv\/sq\/wp-json\/wp\/v2\/posts"}],"about":[{"href":"https:\/\/zjarr.tv\/sq\/wp-json\/wp\/v2\/types\/post"}],"author":[{"embeddable":true,"href":"https:\/\/zjarr.tv\/sq\/wp-json\/wp\/v2\/users\/2013"}],"replies":[{"embeddable":true,"href":"https:\/\/zjarr.tv\/sq\/wp-json\/wp\/v2\/comments?post=96892"}],"version-history":[{"count":0,"href":"https:\/\/zjarr.tv\/sq\/wp-json\/wp\/v2\/posts\/96892\/revisions"}],"wp:featuredmedia":[{"embeddable":true,"href":"https:\/\/zjarr.tv\/sq\/wp-json\/wp\/v2\/media\/38161"}],"wp:attachment":[{"href":"https:\/\/zjarr.tv\/sq\/wp-json\/wp\/v2\/media?parent=96892"}],"wp:term":[{"taxonomy":"category","embeddable":true,"href":"https:\/\/zjarr.tv\/sq\/wp-json\/wp\/v2\/categories?post=96892"},{"taxonomy":"post_tag","embeddable":true,"href":"https:\/\/zjarr.tv\/sq\/wp-json\/wp\/v2\/tags?post=96892"}],"curies":[{"name":"wp","href":"https:\/\/api.w.org\/{rel}","templated":true}]}}