{"id":97318,"date":"2019-07-19T16:22:51","date_gmt":"2019-07-19T14:22:51","guid":{"rendered":"https:\/\/zjarr.tv\/?p=97318"},"modified":"2019-07-19T16:22:51","modified_gmt":"2019-07-19T14:22:51","slug":"ps-dorezon-ne-gjykate-kerkesen-per-njohjen-e-mandatit-te-agim-kajmakut","status":"publish","type":"post","link":"https:\/\/zjarr.tv\/sq\/ps-dorezon-ne-gjykate-kerkesen-per-njohjen-e-mandatit-te-agim-kajmakut\/","title":{"rendered":"PS dor\u00ebzon n\u00eb Gjykat\u00eb k\u00ebrkes\u00ebn p\u00ebr njohjen e mandatit t\u00eb Agim Kajmakut"},"content":{"rendered":"<p>PS dor\u00ebzon n\u00eb Gjykat\u00ebn e Tiran\u00ebs k\u00ebrkes\u00ebn p\u00ebr njohjen e mandatit p\u00ebr Agim Kajmakun.<\/p>\n<p>M\u00ebsohet se n\u00eb Gjykat\u00eb k\u00ebrkesa ka mb\u00ebrritur me firm\u00eb t\u00eb kryeministrit Edi Rama.<\/p>\n<p>Agim Kajmaku ishte kandidati i PS-s\u00eb, n\u00eb zgjedhjet e 30 qeshorit p\u00ebr Bashkin\u00eb e Vor\u00ebs.<\/p>\n<p>&nbsp;<\/p>\n","protected":false},"excerpt":{"rendered":"<p>PS dor\u00ebzon n\u00eb Gjykat\u00ebn e Tiran\u00ebs k\u00ebrkes\u00ebn p\u00ebr njohjen e mandatit p\u00ebr Agim Kajmakun. M\u00ebsohet se n\u00eb Gjykat\u00eb k\u00ebrkesa ka mb\u00ebrritur me firm\u00eb t\u00eb kryeministrit Edi Rama. Agim Kajmaku ishte kandidati i PS-s\u00eb, n\u00eb zgjedhjet e 30 qeshorit p\u00ebr Bashkin\u00eb e Vor\u00ebs. &nbsp;<\/p>\n","protected":false},"author":2013,"featured_media":97319,"comment_status":"open","ping_status":"closed","sticky":false,"template":"","format":"standard","meta":{"footnotes":""},"categories":[241,235],"tags":[],"class_list":{"0":"post-97318","1":"post","2":"type-post","3":"status-publish","4":"format-standard","5":"has-post-thumbnail","7":"category-aktualitet","8":"category-vendi"},"_links":{"self":[{"href":"https:\/\/zjarr.tv\/sq\/wp-json\/wp\/v2\/posts\/97318","targetHints":{"allow":["GET"]}}],"collection":[{"href":"https:\/\/zjarr.tv\/sq\/wp-json\/wp\/v2\/posts"}],"about":[{"href":"https:\/\/zjarr.tv\/sq\/wp-json\/wp\/v2\/types\/post"}],"author":[{"embeddable":true,"href":"https:\/\/zjarr.tv\/sq\/wp-json\/wp\/v2\/users\/2013"}],"replies":[{"embeddable":true,"href":"https:\/\/zjarr.tv\/sq\/wp-json\/wp\/v2\/comments?post=97318"}],"version-history":[{"count":0,"href":"https:\/\/zjarr.tv\/sq\/wp-json\/wp\/v2\/posts\/97318\/revisions"}],"wp:featuredmedia":[{"embeddable":true,"href":"https:\/\/zjarr.tv\/sq\/wp-json\/wp\/v2\/media\/97319"}],"wp:attachment":[{"href":"https:\/\/zjarr.tv\/sq\/wp-json\/wp\/v2\/media?parent=97318"}],"wp:term":[{"taxonomy":"category","embeddable":true,"href":"https:\/\/zjarr.tv\/sq\/wp-json\/wp\/v2\/categories?post=97318"},{"taxonomy":"post_tag","embeddable":true,"href":"https:\/\/zjarr.tv\/sq\/wp-json\/wp\/v2\/tags?post=97318"}],"curies":[{"name":"wp","href":"https:\/\/api.w.org\/{rel}","templated":true}]}}