{"id":97333,"date":"2019-07-19T16:55:42","date_gmt":"2019-07-19T14:55:42","guid":{"rendered":"https:\/\/zjarr.tv\/?p=97333"},"modified":"2019-07-19T16:55:42","modified_gmt":"2019-07-19T14:55:42","slug":"haradinaj-ka-lexuar-letren-e-doreheqjes-ne-perfundimin-e-mbledhjes-se-qeverise-ai-tutje-ka-shtuar-se-taksa-do-te-vazhdoje-te-mbetet-pas-kesaj-doreheqje-mandatin-ia-kthej-popullit-ju-jeni","status":"publish","type":"post","link":"https:\/\/zjarr.tv\/sq\/haradinaj-ka-lexuar-letren-e-doreheqjes-ne-perfundimin-e-mbledhjes-se-qeverise-ai-tutje-ka-shtuar-se-taksa-do-te-vazhdoje-te-mbetet-pas-kesaj-doreheqje-mandatin-ia-kthej-popullit-ju-jeni\/","title":{"rendered":"Haradinaj ka lexuar letr\u00ebn e dor\u00ebheqjes n\u00eb p\u00ebrfundimin e mbledhjes s\u00eb Qeveris\u00eb. Ai tutje ka shtuar se taksa do t\u00eb vazhdoj\u00eb t\u00eb mbetet.   \u201cPas k\u00ebsaj dor\u00ebheqje mandatin ia kthej popullit, ju jeni t\u00eb par\u00ebt q\u00eb ju informoj. Qeveria e vendit vazhdon t\u00eb kryej\u00eb funksionet e veta pa krijuar vakuum, do i informoj\u00eb zyrtarisht gjitha institucionet relevante, do i mbes gjithnj\u00eb besnik atdheut, ishte nd\u00ebr t&#8217;i sh\u00ebrbej vendit. Dor\u00ebheqja \u00ebsht\u00eb e parevokueshme\u201d, ka th\u00ebn\u00eb ai.  \u201cP\u00ebrgjegj\u00ebsia tani kalon te presidenti p\u00ebr t\u00eb filluar konsultat p\u00ebr t\u00eb caktuar dat\u00ebn e zgjedhjeve. I ofrohem prap\u00eb popullit p\u00ebr t\u00eb marr\u00eb besimin. Nuk jam i akuzuar, por intervistohem. Garoj n\u00eb zgjedhje edhe un\u00eb edhe subjekti im. Por s\u2019kam mundur ta qoj shtetin dhe kryetarin e qeveris\u00eb sepse do t\u2019ia r\u00ebndoja Kosov\u00ebs dhe e kam marr\u00eb k\u00ebt\u00eb vendim\u201d, ka th\u00ebn\u00eb Haradinaj i emocionuar.  \u201cS\u2019e kam zgjedh k\u00ebt\u00eb realitet. Nuk mendoj se e meriton t\u2019ia b\u00ebj k\u00ebt\u00eb Kosov\u00ebs dhe nuk e b\u00ebj\u201d, ka shtuar ai.  Letra e plot\u00eb e dor\u00ebheqjes e Haradinajt:  T\u00eb nderuar koleg\u00eb  Dua t\u00eb ju informoj se sot kam marr\u00eb k\u00ebt\u00eb vendim:  Jap dor\u00ebheqje t\u00eb parevokueshme nga detyra e Kryeministrit t\u00eb Republik\u00ebs s\u00eb Kosov\u00ebs dhe dua q\u00eb t\u00eb ju fal\u00ebnderoj p\u00ebr besim dhe p\u00ebrkrahje  Arsyeja e k\u00ebtij vendimi \u00ebsht\u00eb se kam marr\u00eb thirrje t\u00eb paraqitem p\u00ebr t\u2019u marr\u00eb n\u00eb pyetje nga Dhomat e Specializuara n\u00eb Hag\u00eb si i dyshuar  Qeverit\u00eb dhe pushtetet jan\u00eb t\u00eb nd\u00ebrrueshme, jetojm\u00eb n\u00eb demokraci  Nderi i kryeministrit dhe shtetit duhet t\u00eb ruhet dhe un\u00eb nuk e posht\u00ebroj asnj\u00ebher\u00eb. N\u00eb Hag\u00eb si Ramush Haradinaj do t\u2019i dal p\u00ebrball\u00eb shpif\u00ebsve ashtu si e k\u00ebrkon nderi i luft\u00ebtarit shqiptar  Past\u00ebrtia ime dhe e luft\u00ebs s\u00eb U\u00c7K-s\u00eb e konfirmuar nga dy aktgjykime nuk mund t\u00eb njolloset nga askush dhe asnj\u00ebher\u00eb  Shteti im \u00ebsht\u00eb Kosova e paprekshme n\u00eb multietnicitet, shum\u00ebgjuh\u00ebsi, n\u00eb territor e kufij  Kosov\u00ebs i b\u00ebhet presion i padrejt\u00eb p\u00ebr \u00e7mimin e njohjes nga Serbia. Ndarja apo Dodik Republika jan\u00eb t\u00eb pap\u00ebrballueshme p\u00ebr Kosov\u00ebn dhe stabilitetin e rajonit  Si kryeminist\u00ebr i Qeveris\u00eb s\u00eb Kosov\u00ebs besoj fuqish\u00ebm se \u00e7mimi p\u00ebr njohje \u00ebsht\u00eb tregu dhe p\u00ebr k\u00ebt\u00eb taksa duhet t\u00eb jet\u00eb \u00e7mimi i njohjes  Bashk\u00ebsia nd\u00ebrkomb\u00ebtare po b\u00ebn gabim q\u00eb po insiston n\u00eb \u00e7mim t\u00eb pap\u00ebrballuesh\u00ebm p\u00ebr Kosov\u00ebn p\u00ebr njohje. Lidershipi kosovar po b\u00ebn gabim se nuk po e fuqizon legjitimitetin e vendimit p\u00ebr taks\u00ebn ndaj Serbis\u00eb. Her\u00ebt a von\u00eb do ta kuptojm\u00eb se sa d\u00ebm i madh po i b\u00ebhet vendit me k\u00ebt\u00eb mosunitet  Kosova euroatlantike \u00ebsht\u00eb e interesuar p\u00ebr njohje reciproke n\u00eb kufijt\u00eb ekzistues  Dialogu p\u00ebr njohje \u00ebsht\u00eb edhe rruga p\u00ebr tregti t\u00eb lir\u00eb me Serbin\u00eb  Kurr\u00eb s\u2019\u00ebsht\u00eb von\u00eb t\u00eb jemi bashk\u00eb \u2013 tregu p\u00ebr njohje e jo ndarja apo Republika e Dodikut  M\u00eb lejoni t\u00eb ju siguroj se Taksa mbetet, ushtria e Kosov\u00ebs shkon para, Trep\u00e7a \u00ebsht\u00eb e gatshme p\u00ebr investime  Pas k\u00ebsaj dor\u00ebheqjeje, mandatin ia kthej popullit. Sovrani t\u00eb vendos p\u00ebr udh\u00ebheqjen e ardhshme me zgjedhje t\u00eb lira dhe demokratike  I drejtohem Presidentit q\u00eb n\u00eb afatin kushtetues t\u00eb kryej\u00eb konsultimet me partit\u00eb politike dhe t\u2019i shpall\u00eb zgjedhjet e parakohshme  Qeveria e vendit vazhdon t\u00eb kryej\u00eb funksionet e veta pa lejuar vakuum qeveritar deri n\u00eb Qeverin\u00eb e re t\u00eb dal\u00eb nga zgjedhjet e lira dhe demokratike  Menj\u00ebher\u00eb do t\u2019i drejtohem me shkresa zyrtare p\u00ebr dor\u00ebheqjen e parevokueshme institucioneve t\u00eb vendit dhe udh\u00ebheq\u00ebse t\u00eb koalicionit qeveris\u00ebs  Do t\u2019i sh\u00ebrbej me besnik\u00ebri gjith\u00eb jet\u00ebn, popullit, atdheut dhe shtetit tim Kosov\u00ebs  Faleminderit!"},"content":{"rendered":"<p>Ramush Haradinaj ka dh\u00ebn\u00eb dor\u00ebheqje nga posti i kryeministrit t\u00eb Kosov\u00ebs. N\u00eb fund t\u00eb mbledhjes s\u00eb Qeveris\u00eb, ai ka b\u00ebr\u00eb t\u00eb ditur se ka dh\u00ebn\u00eb dor\u00ebheqje t\u00eb parevokueshme.<\/p>\n<p>Ramush Haradinaj doli n\u00eb nj\u00eb konferenc\u00eb p\u00ebr mediat duke dh\u00ebn\u00eb edhe shkaqet e k\u00ebtij vendimi.<\/p>\n<p>\u201cSapo informova qeverin\u00eb dhe tani do t\u00eb informoj\u00eb edhe institucionet e tjera, partner\u00ebt politik\u00eb. Kam dh\u00ebn\u00eb dor\u00ebheqjen e parevokueshme prej funksionit t\u00eb kryetarit t\u00eb qeveris\u00eb. Arsyeja \u00ebsht\u00eb se jam ftuar t\u00eb intervistohem si i dyshuar nga Gjykata Speciale. Jav\u00ebn tjet\u00ebr do t\u00eb paraqitem. Un\u00eb e kam vler\u00ebsuar se nuk mund t\u00eb paraqitem atje si kryetar i qeveris\u00eb, por si qytetar i thjesht\u00eb, duke ruajtur nderin e kryetarit t\u00eb shtetit\u201d, tha Haradinaj n\u00eb konferenc\u00ebn p\u00ebr mediat.<\/p>\n<p>M\u00eb tej, ai theksoi se past\u00ebrtia e tij \u00ebsht\u00eb e konfirmuar nga dy aktgjykime dhe nuk mund t\u00eb njolloset nga askush dhe asnj\u00eb her\u00eb.<\/p>\n<p>\u201cN\u00eb Hag\u00eb shkoj si Ramush Haradinaj, i dal p\u00ebrball\u00eb shpif\u00ebsve ashtu si\u00e7 e k\u00ebrkon nderi i luft\u00ebtarit shqiptar. Past\u00ebrtia ime edhe e luft\u00ebs s\u00eb U\u00c7K-s\u00eb \u00ebsht\u00eb e konfirmuar nga dy aktgjykime nuk mund t\u00eb njolloset nga askush dhe asnj\u00eb her\u00eb. Shteti im \u00ebsht\u00eb Kosova, Kosova e paprekshme me nj\u00eb multietnicitet, me shum\u00eb gjuh\u00ebsi, me territor e kufij, Kosov\u00ebs i b\u00ebhet presion i padrejt\u00eb p\u00ebr \u00e7mimin e njohjes nga Serbia, ndarja apo Dodik Republika\u201d, tha Haradinaj.<\/p>\n<p>&nbsp;<\/p>\n","protected":false},"excerpt":{"rendered":"<p>Ramush Haradinaj ka dh\u00ebn\u00eb dor\u00ebheqje nga posti i kryeministrit t\u00eb Kosov\u00ebs. N\u00eb fund t\u00eb mbledhjes s\u00eb Qeveris\u00eb, ai ka b\u00ebr\u00eb t\u00eb ditur se ka dh\u00ebn\u00eb dor\u00ebheqje t\u00eb parevokueshme. Ramush Haradinaj doli n\u00eb nj\u00eb konferenc\u00eb p\u00ebr mediat duke dh\u00ebn\u00eb edhe shkaqet e k\u00ebtij vendimi. \u201cSapo informova qeverin\u00eb dhe tani do t\u00eb informoj\u00eb edhe institucionet e tjera, [&hellip;]<\/p>\n","protected":false},"author":2013,"featured_media":97334,"comment_status":"open","ping_status":"closed","sticky":false,"template":"","format":"standard","meta":{"footnotes":""},"categories":[241,2],"tags":[],"class_list":{"0":"post-97333","1":"post","2":"type-post","3":"status-publish","4":"format-standard","5":"has-post-thumbnail","7":"category-aktualitet","8":"category-rajoni"},"_links":{"self":[{"href":"https:\/\/zjarr.tv\/sq\/wp-json\/wp\/v2\/posts\/97333","targetHints":{"allow":["GET"]}}],"collection":[{"href":"https:\/\/zjarr.tv\/sq\/wp-json\/wp\/v2\/posts"}],"about":[{"href":"https:\/\/zjarr.tv\/sq\/wp-json\/wp\/v2\/types\/post"}],"author":[{"embeddable":true,"href":"https:\/\/zjarr.tv\/sq\/wp-json\/wp\/v2\/users\/2013"}],"replies":[{"embeddable":true,"href":"https:\/\/zjarr.tv\/sq\/wp-json\/wp\/v2\/comments?post=97333"}],"version-history":[{"count":0,"href":"https:\/\/zjarr.tv\/sq\/wp-json\/wp\/v2\/posts\/97333\/revisions"}],"wp:featuredmedia":[{"embeddable":true,"href":"https:\/\/zjarr.tv\/sq\/wp-json\/wp\/v2\/media\/97334"}],"wp:attachment":[{"href":"https:\/\/zjarr.tv\/sq\/wp-json\/wp\/v2\/media?parent=97333"}],"wp:term":[{"taxonomy":"category","embeddable":true,"href":"https:\/\/zjarr.tv\/sq\/wp-json\/wp\/v2\/categories?post=97333"},{"taxonomy":"post_tag","embeddable":true,"href":"https:\/\/zjarr.tv\/sq\/wp-json\/wp\/v2\/tags?post=97333"}],"curies":[{"name":"wp","href":"https:\/\/api.w.org\/{rel}","templated":true}]}}