{"id":97336,"date":"2019-07-19T17:03:31","date_gmt":"2019-07-19T15:03:31","guid":{"rendered":"https:\/\/zjarr.tv\/?p=97336"},"modified":"2019-07-19T17:03:31","modified_gmt":"2019-07-19T15:03:31","slug":"hajdari-procesi-i-reformes-ne-drejtesi-vazhdon-pune-jo-fjale","status":"publish","type":"post","link":"https:\/\/zjarr.tv\/sq\/hajdari-procesi-i-reformes-ne-drejtesi-vazhdon-pune-jo-fjale\/","title":{"rendered":"Hajdari: Procesi i reform\u00ebs n\u00eb drejt\u00ebsi vazhdon, pun\u00eb jo fjal\u00eb"},"content":{"rendered":"<p>P\u00ebrmes nj\u00eb postimi n\u00eb facebook, shkruan se grupi parlamentar demokrat votoi n\u00eb unanimitet n\u00eb seanc\u00ebn parlamentare t\u00eb s\u00eb enjtes t\u00eb dy projekligjet e vetingut.<\/p>\n<p>Nd\u00ebrsa thekson se reforma n\u00eb drejt\u00ebsi vijon, Hajdari paralajm\u00ebron se s\u00eb shpejti me mb\u00ebshtetjen e nd\u00ebrkomb\u00ebtar\u00ebve do t\u00eb nis\u00eb nj\u00eb frym\u00eb e re sa politike me reform\u00ebn zgjedhore, aq dhe ligjore me p\u00ebrfundimin e reform\u00ebs n\u00eb drejt\u00ebsi, e cila do ta \u00e7oj\u00eb Shqip\u00ebrin\u00eb n\u00eb drejtimin e nj\u00eb shteti t\u00eb s\u00eb drejt\u00ebs, i cili deri m\u00eb sot ka mbetur ve\u00e7 n\u00eb let\u00ebr.<\/p>\n<p>\u201cPun\u00eb, jo vet\u00ebm fjal\u00eb! Procesi i Reform\u00ebs n\u00eb Drejt\u00ebsi vazhdon! K\u00ebt\u00eb t\u00eb enjte, grupi parlamentar demokrat votoi n\u00eb unanim t\u00eb dy projekligjet e vetingut:<br \/>\n1. P\u00ebr disa shtesa dhe ndryshime n\u00eb ligjin nr. 96\/2016 \u201cP\u00ebr Statusin e Gjyqtar\u00ebve dhe Prokuror\u00ebve n\u00eb Republik\u00ebn e Shqip\u00ebris\u00eb\u201d dhe 2. P\u00ebr disa shtesa dhe ndryshime n\u00eb ligjin nr. 115\/2016 \u201d P\u00ebr organet e qeverisjes s\u00eb sistemit t\u00eb Drejt\u00ebsis\u00eb\u201d. E gjith\u00eb kjo procedur\u00eb do t\u2019i hap\u00eb rrug\u00eb s\u00eb shpejti edhe em\u00ebrimit t\u00eb gjyqtar\u00ebve t\u00eb Gjykat\u00ebs Kushtetuese, Gjykat\u00ebs s\u00eb Lart\u00eb, SPAK-ut dhe BKH-s\u00eb.<\/p>\n<p>Natyrisht q\u00eb, me bashk\u00ebrendimin dhe p\u00ebrkrahjen e partner\u00ebve tan\u00eb nd\u00ebrkomb\u00ebtar\u00eb s\u00eb shpejti do t\u00eb nis\u00eb nj\u00eb frym\u00eb e re sa politike me reform\u00ebn zgjedhore, aq dhe ligjore me p\u00ebrfundimin e reform\u00ebs n\u00eb drejt\u00ebsi, e cila do ta \u00e7oj\u00eb Shqip\u00ebrin\u00eb n\u00eb drejtimin e nj\u00eb shteti t\u00eb s\u00eb drejt\u00ebs, i cili deri m\u00eb sot ka mbetur ve\u00e7 n\u00eb let\u00ebr.\u201d -shkruan Rudina Hajdari n\u00eb facebook.<\/p>\n<p>&nbsp;<\/p>\n","protected":false},"excerpt":{"rendered":"<p>P\u00ebrmes nj\u00eb postimi n\u00eb facebook, shkruan se grupi parlamentar demokrat votoi n\u00eb unanimitet n\u00eb seanc\u00ebn parlamentare t\u00eb s\u00eb enjtes t\u00eb dy projekligjet e vetingut. Nd\u00ebrsa thekson se reforma n\u00eb drejt\u00ebsi vijon, Hajdari paralajm\u00ebron se s\u00eb shpejti me mb\u00ebshtetjen e nd\u00ebrkomb\u00ebtar\u00ebve do t\u00eb nis\u00eb nj\u00eb frym\u00eb e re sa politike me reform\u00ebn zgjedhore, aq dhe ligjore [&hellip;]<\/p>\n","protected":false},"author":2013,"featured_media":54116,"comment_status":"open","ping_status":"closed","sticky":false,"template":"","format":"standard","meta":{"footnotes":""},"categories":[241,235],"tags":[],"class_list":{"0":"post-97336","1":"post","2":"type-post","3":"status-publish","4":"format-standard","5":"has-post-thumbnail","7":"category-aktualitet","8":"category-vendi"},"_links":{"self":[{"href":"https:\/\/zjarr.tv\/sq\/wp-json\/wp\/v2\/posts\/97336","targetHints":{"allow":["GET"]}}],"collection":[{"href":"https:\/\/zjarr.tv\/sq\/wp-json\/wp\/v2\/posts"}],"about":[{"href":"https:\/\/zjarr.tv\/sq\/wp-json\/wp\/v2\/types\/post"}],"author":[{"embeddable":true,"href":"https:\/\/zjarr.tv\/sq\/wp-json\/wp\/v2\/users\/2013"}],"replies":[{"embeddable":true,"href":"https:\/\/zjarr.tv\/sq\/wp-json\/wp\/v2\/comments?post=97336"}],"version-history":[{"count":0,"href":"https:\/\/zjarr.tv\/sq\/wp-json\/wp\/v2\/posts\/97336\/revisions"}],"wp:featuredmedia":[{"embeddable":true,"href":"https:\/\/zjarr.tv\/sq\/wp-json\/wp\/v2\/media\/54116"}],"wp:attachment":[{"href":"https:\/\/zjarr.tv\/sq\/wp-json\/wp\/v2\/media?parent=97336"}],"wp:term":[{"taxonomy":"category","embeddable":true,"href":"https:\/\/zjarr.tv\/sq\/wp-json\/wp\/v2\/categories?post=97336"},{"taxonomy":"post_tag","embeddable":true,"href":"https:\/\/zjarr.tv\/sq\/wp-json\/wp\/v2\/tags?post=97336"}],"curies":[{"name":"wp","href":"https:\/\/api.w.org\/{rel}","templated":true}]}}