{"id":97343,"date":"2019-07-19T17:07:46","date_gmt":"2019-07-19T15:07:46","guid":{"rendered":"https:\/\/zjarr.tv\/?p=97343"},"modified":"2019-07-19T17:07:46","modified_gmt":"2019-07-19T15:07:46","slug":"kokedhima-ramush-haradinaj-nje-luftetar-dhe-burreshtetas-i-kosoves","status":"publish","type":"post","link":"https:\/\/zjarr.tv\/sq\/kokedhima-ramush-haradinaj-nje-luftetar-dhe-burreshtetas-i-kosoves\/","title":{"rendered":"Kok\u00ebdhima: Ramush Haradinaj, nj\u00eb luft\u00ebtar dhe burr\u00ebshtetas i Kosov\u00ebs"},"content":{"rendered":"<p>Kreu i partis\u00eb Zgjidhja ka reaguar p\u00ebrmes nj\u00eb postimi n\u00eb facebook lidhur me dor\u00ebheqjen e kryeministrit t\u00eb Kosov\u00ebs, Ramush Haradinaj.<\/p>\n<p>\u201cRamush Haradinaj dha sot dor\u00ebheqjen si kryeminist\u00ebr p\u00ebr t\u2019u mbrojtur si qytetar p\u00ebrpara Gjykat\u00ebs Speciale t\u00eb Hag\u00ebs, pas akuzave p\u00ebr krime lufte. \u2018Kam njoftuar institucionet se kam dh\u00ebn\u00eb dor\u00ebheqje t\u00eb parevokueshme. Arsyeja \u00ebsht\u00eb se kam marr\u00eb nj\u00eb ftes\u00eb nga Gjykata Speciale p\u00ebr jav\u00ebn e ardhshme si i dyshuar. Dhe kam vler\u00ebsuar se nuk mundem t\u00eb paraqitem si kryetar i qeveris\u00eb, por si qytetar i Kosov\u00ebs\u2019,- deklaroi Haradinaj.\u201d Shkruan Kok\u00ebdhima, nd\u00ebrsa vler\u00ebson veprimin e z.Haradinaj si t\u00eb drejt\u00eb dhe sfidues ndaj akuzave t\u00eb padrejta q\u00eb i jan\u00eb b\u00ebr\u00eb. Kjo nuk \u00ebsht\u00eb e para her\u00eb q\u00eb ai duhet t\u00eb p\u00ebrballet me akuza t\u00eb tilla, q\u00eb nuk mungojn\u00eb p\u00ebr shumic\u00ebn e figurave politike t\u00eb Kosov\u00ebs, por, fatkeq\u00ebsisht, jo ndaj atyre t\u00eb Serbis\u00eb.<\/p>\n<p>\u201cRamush Haradinaj dhe familja e tij, si shum\u00eb t\u00eb tjera n\u00eb Kosov\u00eb, kan\u00eb dh\u00ebn\u00eb gjith\u00e7ka kishin p\u00ebr shtetin e lir\u00eb dhe t\u00eb pavarur. Akuzat ndaj tyre jan\u00eb p\u00ebrp\u00eblitjet e fundit t\u00eb politik\u00ebs shoviniste serbe q\u00eb ende flet p\u00ebr Kosov\u00ebn e pavarur prej 11 vitesh si \u2018djepi i Serbis\u00eb\u2019 dhe b\u00ebn plane me antishqiptar\u00ebt p\u00ebr k\u00ebmbime territoresh.<\/p>\n<p>Z.Haradinaj ka treguar shqiptari dhe burr\u00ebshtet\u00ebsi, n\u00eb postin e kryeministrit t\u00eb Kosov\u00ebs, me vendosjen e taks\u00ebs 100 p\u00ebr qind ndaj mallrave serbe dhe boshnjake, dy vendeve q\u00eb sabotojn\u00eb ku t\u00eb munden Kosov\u00ebn e pavarur si dhe me kund\u00ebrshtimin e vendosur ndaj marr\u00ebveshjes p\u00ebr ndryshimin e kufijve dhe t\u00eb k\u00ebmbimit t\u00eb territoreve mes Kosov\u00ebs dhe Serbis\u00eb.<\/p>\n<p>\u2018Zgjidhja\u2019 beson se z.Haradinaj do t\u00eb dij\u00eb t\u00eb mbroj\u00eb veten dhe t\u00eb gjith\u00eb luft\u00ebtar\u00ebt e Kosov\u00ebs s\u00eb lir\u00eb p\u00ebrball\u00eb akuzave t\u00eb pabaza dhe do t\u00eb rikthehet sa m\u00eb par\u00eb n\u00eb drejtimin e qeveris\u00eb s\u00eb Kosov\u00ebs.\u201d \u2013 p\u00ebrfundon Kok\u00ebdhima.<\/p>\n<p>&nbsp;<\/p>\n","protected":false},"excerpt":{"rendered":"<p>Kreu i partis\u00eb Zgjidhja ka reaguar p\u00ebrmes nj\u00eb postimi n\u00eb facebook lidhur me dor\u00ebheqjen e kryeministrit t\u00eb Kosov\u00ebs, Ramush Haradinaj. \u201cRamush Haradinaj dha sot dor\u00ebheqjen si kryeminist\u00ebr p\u00ebr t\u2019u mbrojtur si qytetar p\u00ebrpara Gjykat\u00ebs Speciale t\u00eb Hag\u00ebs, pas akuzave p\u00ebr krime lufte. \u2018Kam njoftuar institucionet se kam dh\u00ebn\u00eb dor\u00ebheqje t\u00eb parevokueshme. Arsyeja \u00ebsht\u00eb se kam [&hellip;]<\/p>\n","protected":false},"author":2013,"featured_media":97344,"comment_status":"open","ping_status":"closed","sticky":false,"template":"","format":"standard","meta":{"footnotes":""},"categories":[241,235],"tags":[],"class_list":{"0":"post-97343","1":"post","2":"type-post","3":"status-publish","4":"format-standard","5":"has-post-thumbnail","7":"category-aktualitet","8":"category-vendi"},"_links":{"self":[{"href":"https:\/\/zjarr.tv\/sq\/wp-json\/wp\/v2\/posts\/97343","targetHints":{"allow":["GET"]}}],"collection":[{"href":"https:\/\/zjarr.tv\/sq\/wp-json\/wp\/v2\/posts"}],"about":[{"href":"https:\/\/zjarr.tv\/sq\/wp-json\/wp\/v2\/types\/post"}],"author":[{"embeddable":true,"href":"https:\/\/zjarr.tv\/sq\/wp-json\/wp\/v2\/users\/2013"}],"replies":[{"embeddable":true,"href":"https:\/\/zjarr.tv\/sq\/wp-json\/wp\/v2\/comments?post=97343"}],"version-history":[{"count":0,"href":"https:\/\/zjarr.tv\/sq\/wp-json\/wp\/v2\/posts\/97343\/revisions"}],"wp:featuredmedia":[{"embeddable":true,"href":"https:\/\/zjarr.tv\/sq\/wp-json\/wp\/v2\/media\/97344"}],"wp:attachment":[{"href":"https:\/\/zjarr.tv\/sq\/wp-json\/wp\/v2\/media?parent=97343"}],"wp:term":[{"taxonomy":"category","embeddable":true,"href":"https:\/\/zjarr.tv\/sq\/wp-json\/wp\/v2\/categories?post=97343"},{"taxonomy":"post_tag","embeddable":true,"href":"https:\/\/zjarr.tv\/sq\/wp-json\/wp\/v2\/tags?post=97343"}],"curies":[{"name":"wp","href":"https:\/\/api.w.org\/{rel}","templated":true}]}}