{"id":97347,"date":"2019-07-19T17:11:36","date_gmt":"2019-07-19T15:11:36","guid":{"rendered":"https:\/\/zjarr.tv\/?p=97347"},"modified":"2019-07-19T17:11:36","modified_gmt":"2019-07-19T15:11:36","slug":"dorehiqet-haradinaj-reagon-agron-duka-shembullor","status":"publish","type":"post","link":"https:\/\/zjarr.tv\/sq\/dorehiqet-haradinaj-reagon-agron-duka-shembullor\/","title":{"rendered":"Dor\u00ebhiqet Haradinaj, reagon Agron Duka: Shembullor!"},"content":{"rendered":"<p>Kreu i PAA, Agron Duka ka zgjedhur t\u00eb reagoj\u00eb vet\u00ebm me nj\u00eb fjal\u00eb, lidhur me dor\u00ebheqjen e Ramush Haradinajt nga posti i kryeministrit t\u00eb Kosov\u00ebs.<\/p>\n<p>Nd\u00ebrsa ndan nj\u00eb foto t\u00eb takimit me t\u00eb, Duka shkruan n\u00eb profilin e tij n\u00eb facebook: Shembullor!.<\/p>\n<p>Ramush Haradinaj njoftoi sot dor\u00ebheqjen e parevokueshme nga posti i kryeministrit, duke cuar vendin n\u00eb zgjedhje t\u00eb parakoshme.<\/p>\n<p>&nbsp;<\/p>\n","protected":false},"excerpt":{"rendered":"<p>Kreu i PAA, Agron Duka ka zgjedhur t\u00eb reagoj\u00eb vet\u00ebm me nj\u00eb fjal\u00eb, lidhur me dor\u00ebheqjen e Ramush Haradinajt nga posti i kryeministrit t\u00eb Kosov\u00ebs. Nd\u00ebrsa ndan nj\u00eb foto t\u00eb takimit me t\u00eb, Duka shkruan n\u00eb profilin e tij n\u00eb facebook: Shembullor!. Ramush Haradinaj njoftoi sot dor\u00ebheqjen e parevokueshme nga posti i kryeministrit, duke cuar [&hellip;]<\/p>\n","protected":false},"author":2013,"featured_media":97348,"comment_status":"open","ping_status":"closed","sticky":false,"template":"","format":"standard","meta":{"footnotes":""},"categories":[241,235],"tags":[],"class_list":{"0":"post-97347","1":"post","2":"type-post","3":"status-publish","4":"format-standard","5":"has-post-thumbnail","7":"category-aktualitet","8":"category-vendi"},"_links":{"self":[{"href":"https:\/\/zjarr.tv\/sq\/wp-json\/wp\/v2\/posts\/97347","targetHints":{"allow":["GET"]}}],"collection":[{"href":"https:\/\/zjarr.tv\/sq\/wp-json\/wp\/v2\/posts"}],"about":[{"href":"https:\/\/zjarr.tv\/sq\/wp-json\/wp\/v2\/types\/post"}],"author":[{"embeddable":true,"href":"https:\/\/zjarr.tv\/sq\/wp-json\/wp\/v2\/users\/2013"}],"replies":[{"embeddable":true,"href":"https:\/\/zjarr.tv\/sq\/wp-json\/wp\/v2\/comments?post=97347"}],"version-history":[{"count":0,"href":"https:\/\/zjarr.tv\/sq\/wp-json\/wp\/v2\/posts\/97347\/revisions"}],"wp:featuredmedia":[{"embeddable":true,"href":"https:\/\/zjarr.tv\/sq\/wp-json\/wp\/v2\/media\/97348"}],"wp:attachment":[{"href":"https:\/\/zjarr.tv\/sq\/wp-json\/wp\/v2\/media?parent=97347"}],"wp:term":[{"taxonomy":"category","embeddable":true,"href":"https:\/\/zjarr.tv\/sq\/wp-json\/wp\/v2\/categories?post=97347"},{"taxonomy":"post_tag","embeddable":true,"href":"https:\/\/zjarr.tv\/sq\/wp-json\/wp\/v2\/tags?post=97347"}],"curies":[{"name":"wp","href":"https:\/\/api.w.org\/{rel}","templated":true}]}}