{"id":97355,"date":"2019-07-19T17:29:03","date_gmt":"2019-07-19T15:29:03","guid":{"rendered":"https:\/\/zjarr.tv\/?p=97355"},"modified":"2019-07-19T17:29:03","modified_gmt":"2019-07-19T15:29:03","slug":"majko-haradinaj-dha-doreheqjen-si-nje-burre-shteti-i-vertete","status":"publish","type":"post","link":"https:\/\/zjarr.tv\/sq\/majko-haradinaj-dha-doreheqjen-si-nje-burre-shteti-i-vertete\/","title":{"rendered":"Majko: Haradinaj dha dor\u00ebheqjen si nj\u00eb burr\u00eb shteti i v\u00ebrtet\u00eb"},"content":{"rendered":"<p>Ish-kryeministri i Shqip\u00ebris\u00eb gjat\u00eb periudh\u00ebs s\u00eb luft\u00ebs s\u00eb Kosov\u00ebs, Pandeli Majko, e ka cil\u00ebsuar dor\u00ebheqjen e sotme t\u00eb kryeministrit kosovar Ramush Haradinaj, si dor\u00ebheqjen e nj\u00eb burri shteti.<\/p>\n<p>\u2018Ramush Haradinaj ka dh\u00ebn\u00eb dor\u00ebheqjen nga posti i kryeministrit si nj\u00eb burr\u00eb shteti. Ai kreu nj\u00eb akt q\u00eb i b\u00ebn nder Kosov\u00ebs shtet q\u00eb drejtohet nga shtetar\u00eb t\u00eb cil\u00ebt b\u00ebjn\u00eb dallimin e fatit personal me at\u00eb t\u00eb siguris\u00eb komb\u00ebtare.<\/p>\n<p>Veprat e nj\u00eb njeriu vlejn\u00eb m\u00eb shum\u00eb se dob\u00ebsit\u00eb e tij.<\/p>\n<p>Sot jam me Ramushin! T\u00eb falenderoj komandant p\u00ebr shembullin e luft\u00ebs, dhe sot n\u00eb at\u00eb t\u00eb paqes.\u2019<\/p>\n<p>&nbsp;<\/p>\n<p>&nbsp;<\/p>\n","protected":false},"excerpt":{"rendered":"<p>Ish-kryeministri i Shqip\u00ebris\u00eb gjat\u00eb periudh\u00ebs s\u00eb luft\u00ebs s\u00eb Kosov\u00ebs, Pandeli Majko, e ka cil\u00ebsuar dor\u00ebheqjen e sotme t\u00eb kryeministrit kosovar Ramush Haradinaj, si dor\u00ebheqjen e nj\u00eb burri shteti. \u2018Ramush Haradinaj ka dh\u00ebn\u00eb dor\u00ebheqjen nga posti i kryeministrit si nj\u00eb burr\u00eb shteti. Ai kreu nj\u00eb akt q\u00eb i b\u00ebn nder Kosov\u00ebs shtet q\u00eb drejtohet nga shtetar\u00eb [&hellip;]<\/p>\n","protected":false},"author":2013,"featured_media":0,"comment_status":"open","ping_status":"closed","sticky":false,"template":"","format":"standard","meta":{"footnotes":""},"categories":[241,235],"tags":[],"class_list":{"0":"post-97355","1":"post","2":"type-post","3":"status-publish","4":"format-standard","6":"category-aktualitet","7":"category-vendi"},"_links":{"self":[{"href":"https:\/\/zjarr.tv\/sq\/wp-json\/wp\/v2\/posts\/97355","targetHints":{"allow":["GET"]}}],"collection":[{"href":"https:\/\/zjarr.tv\/sq\/wp-json\/wp\/v2\/posts"}],"about":[{"href":"https:\/\/zjarr.tv\/sq\/wp-json\/wp\/v2\/types\/post"}],"author":[{"embeddable":true,"href":"https:\/\/zjarr.tv\/sq\/wp-json\/wp\/v2\/users\/2013"}],"replies":[{"embeddable":true,"href":"https:\/\/zjarr.tv\/sq\/wp-json\/wp\/v2\/comments?post=97355"}],"version-history":[{"count":0,"href":"https:\/\/zjarr.tv\/sq\/wp-json\/wp\/v2\/posts\/97355\/revisions"}],"wp:attachment":[{"href":"https:\/\/zjarr.tv\/sq\/wp-json\/wp\/v2\/media?parent=97355"}],"wp:term":[{"taxonomy":"category","embeddable":true,"href":"https:\/\/zjarr.tv\/sq\/wp-json\/wp\/v2\/categories?post=97355"},{"taxonomy":"post_tag","embeddable":true,"href":"https:\/\/zjarr.tv\/sq\/wp-json\/wp\/v2\/tags?post=97355"}],"curies":[{"name":"wp","href":"https:\/\/api.w.org\/{rel}","templated":true}]}}