{"id":97360,"date":"2019-07-19T17:31:36","date_gmt":"2019-07-19T15:31:36","guid":{"rendered":"https:\/\/zjarr.tv\/?p=97360"},"modified":"2019-07-19T17:31:36","modified_gmt":"2019-07-19T15:31:36","slug":"gjykata-e-beratit-konfirmon-mandatin-e-kryebashkiakut-te-policanit","status":"publish","type":"post","link":"https:\/\/zjarr.tv\/sq\/gjykata-e-beratit-konfirmon-mandatin-e-kryebashkiakut-te-policanit\/","title":{"rendered":"Gjykata e Beratit konfirmon mandatin e kryebashkiakut t\u00eb Poli\u00e7anit"},"content":{"rendered":"<p>Gjykata e Beratit ka legjitimuar mandatin e Adriatik Zotkaj si kryetari i bashkis\u00eb s\u00eb Poli\u00e7anit.<\/p>\n<p>Ai u zgjodh si kryebashkiak n\u00eb zgjedhjet e 30 qershorit, ku garoi i vet\u00ebm sepse nuk kishte asnj\u00eb rival\u00eb.<\/p>\n<p>Zotkaj mori mandatin e tij t\u00eb pest\u00eb p\u00ebr drejtimin e bashkis\u00eb Poli\u00e7an.<\/p>\n<p>Gjykata e Beratit, e cila ka n\u00eb juridiksion edhe zhvilloi mesdit\u00ebn e sotme seanc\u00ebn p\u00ebr legjitimitetin e mandatit t Zotkaj, n\u00ebn drejtimin e gjyqtarit P\u00ebllumb Zaimi.<\/p>\n<p>Pasi \u00ebsht\u00eb njohur me dokumentacionin p\u00ebrkat\u00ebs,n\u00eb p\u00ebrputhje t\u00eb Nenit 60,t\u00eb Ligjit 139\/2015 p\u00ebr &#8220;Vet\u00ebqeverisjes Vendore&#8221;,Hasa e ka vler\u00ebsuar t\u00eb ligjsh\u00ebm dhe m\u00eb pas i ka dh\u00ebn\u00eb mandatin e tij p\u00ebr drejtimin e bashkis\u00eb Poli\u00e7an,kandidatit t\u00eb Partis\u00eb Socialiste.<\/p>\n<p>Mandati q\u00eb i jepet Adriatik Zotkaj pas zgjedhjeve shum\u00eb t\u00eb p\u00ebrfolura t\u00eb 30 Qershorit \u00ebsht\u00eb mandati i tij i pest\u00eb n\u00ebn drejtimin e bashkis\u00eb s\u00eb Poli\u00e7anit.<\/p>\n<p>&nbsp;<\/p>\n","protected":false},"excerpt":{"rendered":"<p>Gjykata e Beratit ka legjitimuar mandatin e Adriatik Zotkaj si kryetari i bashkis\u00eb s\u00eb Poli\u00e7anit. Ai u zgjodh si kryebashkiak n\u00eb zgjedhjet e 30 qershorit, ku garoi i vet\u00ebm sepse nuk kishte asnj\u00eb rival\u00eb. Zotkaj mori mandatin e tij t\u00eb pest\u00eb p\u00ebr drejtimin e bashkis\u00eb Poli\u00e7an. Gjykata e Beratit, e cila ka n\u00eb juridiksion edhe [&hellip;]<\/p>\n","protected":false},"author":2013,"featured_media":97361,"comment_status":"open","ping_status":"closed","sticky":false,"template":"","format":"standard","meta":{"footnotes":""},"categories":[241,235],"tags":[],"class_list":{"0":"post-97360","1":"post","2":"type-post","3":"status-publish","4":"format-standard","5":"has-post-thumbnail","7":"category-aktualitet","8":"category-vendi"},"_links":{"self":[{"href":"https:\/\/zjarr.tv\/sq\/wp-json\/wp\/v2\/posts\/97360","targetHints":{"allow":["GET"]}}],"collection":[{"href":"https:\/\/zjarr.tv\/sq\/wp-json\/wp\/v2\/posts"}],"about":[{"href":"https:\/\/zjarr.tv\/sq\/wp-json\/wp\/v2\/types\/post"}],"author":[{"embeddable":true,"href":"https:\/\/zjarr.tv\/sq\/wp-json\/wp\/v2\/users\/2013"}],"replies":[{"embeddable":true,"href":"https:\/\/zjarr.tv\/sq\/wp-json\/wp\/v2\/comments?post=97360"}],"version-history":[{"count":0,"href":"https:\/\/zjarr.tv\/sq\/wp-json\/wp\/v2\/posts\/97360\/revisions"}],"wp:featuredmedia":[{"embeddable":true,"href":"https:\/\/zjarr.tv\/sq\/wp-json\/wp\/v2\/media\/97361"}],"wp:attachment":[{"href":"https:\/\/zjarr.tv\/sq\/wp-json\/wp\/v2\/media?parent=97360"}],"wp:term":[{"taxonomy":"category","embeddable":true,"href":"https:\/\/zjarr.tv\/sq\/wp-json\/wp\/v2\/categories?post=97360"},{"taxonomy":"post_tag","embeddable":true,"href":"https:\/\/zjarr.tv\/sq\/wp-json\/wp\/v2\/tags?post=97360"}],"curies":[{"name":"wp","href":"https:\/\/api.w.org\/{rel}","templated":true}]}}