{"id":97363,"date":"2019-07-19T17:33:42","date_gmt":"2019-07-19T15:33:42","guid":{"rendered":"https:\/\/zjarr.tv\/?p=97363"},"modified":"2019-07-19T17:33:42","modified_gmt":"2019-07-19T15:33:42","slug":"ovl-e-uckse-haradinaj-e-ka-deshmuar-dy-here-pafajesine","status":"publish","type":"post","link":"https:\/\/zjarr.tv\/sq\/ovl-e-uckse-haradinaj-e-ka-deshmuar-dy-here-pafajesine\/","title":{"rendered":"OVL e U\u00c7K\u2019s\u00eb: Haradinaj e ka d\u00ebshmuar dy her\u00eb pafaj\u00ebsin\u00eb"},"content":{"rendered":"<p>Ramush Haradinaj ka dh\u00ebn\u00eb dor\u00ebheqje nga pozita e Kryeministrit t\u00eb Kosov\u00ebs, pasi ka marr\u00eb ftes\u00eb nga Gjykata Speciale p\u00ebr intervistim si i dyshuar. Lidhur me ftes\u00ebn e tij, n\u00eb OVL e U\u00c7K\u2019s\u00eb kan\u00eb deklaruar se nuk kan\u00eb pasur njohuri.<\/p>\n<p>N\u00ebnkryetari i k\u00ebsaj organizate, Nasim Haradinaj ka th\u00ebn\u00eb se nuk e kan\u00eb pritur nj\u00eb gj\u00eb t\u00eb till\u00eb dhe se Haradinaj dy her\u00eb e ka v\u00ebrtetuar pafaj\u00ebsin\u00eb e tij.<\/p>\n<p>\u201cJo nuk kemi pas\u00eb ftese a as nuk kemi prit\u00eb. Nese ai ka deshmu q\u00eb \u00ebsht\u00eb i pafajsh\u00ebm, k\u00ebshtu e ka d\u00ebshmu edhe procesi gjyqsor. V\u00ebrtetim \u00ebsht\u00eb q\u00eb dy her\u00eb ka dale i pafajshem. Rasti i ashtazakonishem nuk ka ndodh\u00eb kshtu asnjher\u00eb n\u00eb gjykatat nderkombetare. P\u00ebr ne \u00ebsht\u00eb shum\u00eb befasuese\u201d, ka th\u00ebn\u00eb Haradinaj.<\/p>\n<p>\u201cKa th\u00ebn\u00eb se OVL \u00ebsht\u00eb lodh duke na sprovu me keso sene duke na pergjithsu si t\u00eb pa past\u00ebr, si kriminel\u00eb dhe pa prova. Ne do dalim me nj\u00eb \u00a0vendim meq\u00eb qeveria nuk po del me nj\u00eb vendim p\u00ebr mbrotjenn e te drejtave t\u00eb luft\u00ebs dhe pastaj t\u00eb shohm kush \u00ebsht\u00eb e kush jo i zhytur\u201d, ka shtuar ai.<\/p>\n<p>\u201cNjoftohen mediat elektronike dhe t\u00eb shkruara se, sonte (19.07.2019) n\u00eb ora 20:00, lidhur me zhvillimet e sotme rreth doreheqjes se kryeministrit Ramush Haradinaj dhe fteses per ne Hag\u00eb, kryesia e OVL U\u00c7K-s\u00eb mban konference me gazetar\u00eb\u201d, thuhet n\u00eb njoftim.<\/p>\n<p>Ndryshe, sot n\u00eb fund t\u00eb mbledhjes s\u00eb Qeveris\u00eb Haradinaj ka b\u00ebr\u00eb t\u00eb ditur se ka dh\u00ebn\u00eb dor\u00ebheqje t\u00eb parevokueshme. Haradinaj ka njoftuar se do t\u00eb paraqitet n\u00eb Hag\u00eb jav\u00ebn e ardhshme.<\/p>\n<p>\u201cKam dh\u00ebn\u00eb dor\u00ebheqje prej kryetarit t\u00eb qeveris\u00eb. Nga ky moment japim dor\u00ebheqje si qeveri. Jam ftuar t\u00eb intervistohem si i dyshuar nga Specialja.\u00a0 Jav\u00ebn tjet\u00ebr do t\u00eb kem paraqitje. E kam vler\u00ebsuar se s\u2019mundem\u00a0 mu paraqit\u00eb si kryetar i qeveris\u00eb edhe me rujt nderin e kryetarit t\u00eb qeveris\u00eb dhe shtetit\u201dka deklaruar Haradinaj.<\/p>\n<p>&nbsp;<\/p>\n","protected":false},"excerpt":{"rendered":"<p>Ramush Haradinaj ka dh\u00ebn\u00eb dor\u00ebheqje nga pozita e Kryeministrit t\u00eb Kosov\u00ebs, pasi ka marr\u00eb ftes\u00eb nga Gjykata Speciale p\u00ebr intervistim si i dyshuar. Lidhur me ftes\u00ebn e tij, n\u00eb OVL e U\u00c7K\u2019s\u00eb kan\u00eb deklaruar se nuk kan\u00eb pasur njohuri. N\u00ebnkryetari i k\u00ebsaj organizate, Nasim Haradinaj ka th\u00ebn\u00eb se nuk e kan\u00eb pritur nj\u00eb gj\u00eb t\u00eb [&hellip;]<\/p>\n","protected":false},"author":2013,"featured_media":54245,"comment_status":"open","ping_status":"closed","sticky":false,"template":"","format":"standard","meta":{"footnotes":""},"categories":[241,2],"tags":[],"class_list":{"0":"post-97363","1":"post","2":"type-post","3":"status-publish","4":"format-standard","5":"has-post-thumbnail","7":"category-aktualitet","8":"category-rajoni"},"_links":{"self":[{"href":"https:\/\/zjarr.tv\/sq\/wp-json\/wp\/v2\/posts\/97363","targetHints":{"allow":["GET"]}}],"collection":[{"href":"https:\/\/zjarr.tv\/sq\/wp-json\/wp\/v2\/posts"}],"about":[{"href":"https:\/\/zjarr.tv\/sq\/wp-json\/wp\/v2\/types\/post"}],"author":[{"embeddable":true,"href":"https:\/\/zjarr.tv\/sq\/wp-json\/wp\/v2\/users\/2013"}],"replies":[{"embeddable":true,"href":"https:\/\/zjarr.tv\/sq\/wp-json\/wp\/v2\/comments?post=97363"}],"version-history":[{"count":0,"href":"https:\/\/zjarr.tv\/sq\/wp-json\/wp\/v2\/posts\/97363\/revisions"}],"wp:featuredmedia":[{"embeddable":true,"href":"https:\/\/zjarr.tv\/sq\/wp-json\/wp\/v2\/media\/54245"}],"wp:attachment":[{"href":"https:\/\/zjarr.tv\/sq\/wp-json\/wp\/v2\/media?parent=97363"}],"wp:term":[{"taxonomy":"category","embeddable":true,"href":"https:\/\/zjarr.tv\/sq\/wp-json\/wp\/v2\/categories?post=97363"},{"taxonomy":"post_tag","embeddable":true,"href":"https:\/\/zjarr.tv\/sq\/wp-json\/wp\/v2\/tags?post=97363"}],"curies":[{"name":"wp","href":"https:\/\/api.w.org\/{rel}","templated":true}]}}