{"id":97375,"date":"2019-07-19T17:41:41","date_gmt":"2019-07-19T15:41:41","guid":{"rendered":"https:\/\/zjarr.tv\/?p=97375"},"modified":"2019-07-19T17:41:41","modified_gmt":"2019-07-19T15:41:41","slug":"ende-asnje-reagim-nga-thaci-dhe-veseli-pas-doreheqjes-se-haradinajt","status":"publish","type":"post","link":"https:\/\/zjarr.tv\/sq\/ende-asnje-reagim-nga-thaci-dhe-veseli-pas-doreheqjes-se-haradinajt\/","title":{"rendered":"Ende asnj\u00eb reagim nga Tha\u00e7i dhe Veseli pas dor\u00ebheqjes s\u00eb Haradinajt"},"content":{"rendered":"<p>Sot pas mbledhjes s\u00eb Qeveris\u00eb s\u00eb Kosov\u00ebs n\u00eb nj\u00eb konferenc\u00eb p\u00ebr media Ramush Haradinaj dha dor\u00ebheqje nga posti i kryeministrit t\u00eb Kosov\u00ebs<\/p>\n<p>Dor\u00ebheqja e Haradinajt erdhi pasi i nj\u00ebjti ka marr\u00eb ftes\u00eb nga Gjykata Speciale n\u00eb cil\u00ebsin\u00eb e t\u00eb dyshuarit.<\/p>\n<p>Pas k\u00ebsaj erdh\u00ebn reagime nga deputet\u00eb e ambasador\u00eb por ajo \u00e7far\u00eb u pa deri m\u00eb tani \u00ebsht\u00eb se as presidenti i vendit Hashim Tha\u00e7i e as kryeparlamentari Kadri Veseli nuk e than\u00eb as nj\u00eb fjal\u00eb p\u00ebr dor\u00ebheqjen e Haradinajt.<\/p>\n<p>koalicioni qeveris\u00eb \u00ebsht\u00eb p\u00ebr\u00e7ar\u00eb dhe se Haradinaj e Veseli i kan\u00eb t\u00eb acaruara raportet. Kjo p\u00ebr shkak t\u00eb taks\u00ebs 100% t\u00eb vendosur ndaj produkteve serbe dhe ato boshnjake.<\/p>\n<p>Nd\u00ebrsa acarimi i raporteve mes Haradinajt dhe Tha\u00e7it u b\u00eb edhe m\u00eb i thell\u00eb pasi q\u00eb tanim\u00eb ish kryeministri Haradinaj ishte ai q\u00eb e kund\u00ebrshtoi n\u00eb \u00e7do m\u00ebnyr\u00eb iden\u00eb e korrigjimit kufitar me Serbin\u00eb ide kjo e presidentit Tha\u00e7i.<\/p>\n<p>&nbsp;<\/p>\n","protected":false},"excerpt":{"rendered":"<p>Sot pas mbledhjes s\u00eb Qeveris\u00eb s\u00eb Kosov\u00ebs n\u00eb nj\u00eb konferenc\u00eb p\u00ebr media Ramush Haradinaj dha dor\u00ebheqje nga posti i kryeministrit t\u00eb Kosov\u00ebs Dor\u00ebheqja e Haradinajt erdhi pasi i nj\u00ebjti ka marr\u00eb ftes\u00eb nga Gjykata Speciale n\u00eb cil\u00ebsin\u00eb e t\u00eb dyshuarit. Pas k\u00ebsaj erdh\u00ebn reagime nga deputet\u00eb e ambasador\u00eb por ajo \u00e7far\u00eb u pa deri m\u00eb [&hellip;]<\/p>\n","protected":false},"author":2013,"featured_media":97376,"comment_status":"open","ping_status":"closed","sticky":false,"template":"","format":"standard","meta":{"footnotes":""},"categories":[241,2],"tags":[],"class_list":{"0":"post-97375","1":"post","2":"type-post","3":"status-publish","4":"format-standard","5":"has-post-thumbnail","7":"category-aktualitet","8":"category-rajoni"},"_links":{"self":[{"href":"https:\/\/zjarr.tv\/sq\/wp-json\/wp\/v2\/posts\/97375","targetHints":{"allow":["GET"]}}],"collection":[{"href":"https:\/\/zjarr.tv\/sq\/wp-json\/wp\/v2\/posts"}],"about":[{"href":"https:\/\/zjarr.tv\/sq\/wp-json\/wp\/v2\/types\/post"}],"author":[{"embeddable":true,"href":"https:\/\/zjarr.tv\/sq\/wp-json\/wp\/v2\/users\/2013"}],"replies":[{"embeddable":true,"href":"https:\/\/zjarr.tv\/sq\/wp-json\/wp\/v2\/comments?post=97375"}],"version-history":[{"count":0,"href":"https:\/\/zjarr.tv\/sq\/wp-json\/wp\/v2\/posts\/97375\/revisions"}],"wp:featuredmedia":[{"embeddable":true,"href":"https:\/\/zjarr.tv\/sq\/wp-json\/wp\/v2\/media\/97376"}],"wp:attachment":[{"href":"https:\/\/zjarr.tv\/sq\/wp-json\/wp\/v2\/media?parent=97375"}],"wp:term":[{"taxonomy":"category","embeddable":true,"href":"https:\/\/zjarr.tv\/sq\/wp-json\/wp\/v2\/categories?post=97375"},{"taxonomy":"post_tag","embeddable":true,"href":"https:\/\/zjarr.tv\/sq\/wp-json\/wp\/v2\/tags?post=97375"}],"curies":[{"name":"wp","href":"https:\/\/api.w.org\/{rel}","templated":true}]}}