{"id":97378,"date":"2019-07-19T17:46:18","date_gmt":"2019-07-19T15:46:18","guid":{"rendered":"https:\/\/zjarr.tv\/?p=97378"},"modified":"2019-07-19T17:46:18","modified_gmt":"2019-07-19T15:46:18","slug":"vendimi-per-durresin-manjani-te-fala-reformes-drejtesise-e-gjithe-shtetit-ligjor","status":"publish","type":"post","link":"https:\/\/zjarr.tv\/sq\/vendimi-per-durresin-manjani-te-fala-reformes-drejtesise-e-gjithe-shtetit-ligjor\/","title":{"rendered":"Vendimi p\u00ebr Durr\u00ebsin\/ Manjani: T\u00eb fala reform\u00ebs, drejt\u00ebsis\u00eb e gjith\u00eb shtetit ligjor"},"content":{"rendered":"<p>Me nj\u00eb akt t\u00eb paprecedent\u00eb, Gjykata e Durr\u00ebsit rr\u00ebzoi vendimin e pak dit\u00ebve m\u00eb par\u00eb, i dal\u00eb nga ky institucion, p\u00ebr t\u00eb legjitimuar mandatin e kandidates s\u00eb PD p\u00ebr bashkin\u00eb e qytetit bregdetar.<\/p>\n<p>Vendimi erdhi pas k\u00ebrkes\u00ebs p\u00ebr ta b\u00ebr\u00eb k\u00ebt\u00eb gj\u00eb q\u00eb i ka d\u00ebrguar Partia Socialiste dje, firmosur nga kryesocialisti Edi Rama.<\/p>\n<p>Ky i fundit i \u00ebsht\u00eb drejtuar t\u00eb enjten me nj\u00eb k\u00ebrkes\u00eb Gjykat\u00ebs s\u00eb Durr\u00ebsit, duke i k\u00ebrkuar t\u00eb njoh\u00eb fituesen e Aleanc\u00ebs p\u00ebr Shqip\u00ebrin\u00eb Evropiane n\u00eb Bashkin\u00eb Durr\u00ebs, Valbona Sako.<\/p>\n<p>Lidhur me vendimin e Gjykat\u00ebs s\u00eb Durr\u00ebsit ka reaguar edhe ish ministri i Drejt\u00ebsis\u00eb Ylli Manjani.<\/p>\n<p>Sipas tij, nj\u00eb akt i till\u00eb as \u00ebsht\u00eb par\u00eb dhe as d\u00ebgjuar m\u00eb par\u00eb.<\/p>\n<p>Reagimi i plot\u00eb i Manjanit:<\/p>\n<p>\u201cAs \u00ebsht\u00eb par\u00eb e as d\u00ebgjuar deri m\u00eb sot, kjo q\u00eb ndodhi n\u00eb Gjykat\u00ebn e Durr\u00ebsit!<\/p>\n<p>Q\u00eb dy gjyqtar\u00eb t\u00eb s\u00eb nj\u00ebjt\u00ebs gjykat\u00eb t\u00eb shqyrtojn\u00eb dhe t\u00eb vendosin mbi t\u00eb nj\u00ebjt\u00ebn k\u00ebrkes\u00eb, me t\u00eb nj\u00ebtj\u00ebt k\u00ebrkues e me t\u00eb nj\u00ebjtin objekt nuk kishte b\u00ebr\u00eb vaki!!!<\/p>\n<p>As korrupsioni nuk e ka b\u00ebr\u00eb dot k\u00ebt\u00eb pocaqi ligjore.<\/p>\n<p>Dmth \u00e7&#8217;a s&#8217;do jepnin humb\u00ebsit e gjyqeve, q\u00eb t\u00eb ri gjykoheshin nga fillimi me nj\u00eb gjykat\u00ebs tjet\u00ebr q\u00eb ja kan\u00eb &#8220;gjetur an\u00ebn&#8221;&#8230;<\/p>\n<p>Pra Siguria Juridike, gj\u00ebja e gjykuar, hierarkia gjyqsore dhe t\u00eb gjitha parimet themelore t\u00eb sundimit t\u00eb s\u00eb drejt\u00ebs NUK EKZISTOJN\u00cb M\u00cb!<\/p>\n<p>Nuk kisha ndonj\u00eb dyshim q\u00eb rrumpallhania politike q\u00eb qeveris k\u00ebshtu do b\u00ebnte, por nuk e di se \u00e7&#8217;thot\u00eb Palmeri, Sorecca, Mogherini, Hahn, Reeker, Boschard e nuk e di kush tjet\u00ebr?<\/p>\n<p>T\u00eb fala reform\u00ebs, drejt\u00ebsis\u00eb e gjith\u00eb shtetit ligjor- i thon\u00eb k\u00ebsaj pune!\u201d<\/p>\n<p>&nbsp;<\/p>\n<p>&nbsp;<\/p>\n","protected":false},"excerpt":{"rendered":"<p>Me nj\u00eb akt t\u00eb paprecedent\u00eb, Gjykata e Durr\u00ebsit rr\u00ebzoi vendimin e pak dit\u00ebve m\u00eb par\u00eb, i dal\u00eb nga ky institucion, p\u00ebr t\u00eb legjitimuar mandatin e kandidates s\u00eb PD p\u00ebr bashkin\u00eb e qytetit bregdetar. Vendimi erdhi pas k\u00ebrkes\u00ebs p\u00ebr ta b\u00ebr\u00eb k\u00ebt\u00eb gj\u00eb q\u00eb i ka d\u00ebrguar Partia Socialiste dje, firmosur nga kryesocialisti Edi Rama. Ky [&hellip;]<\/p>\n","protected":false},"author":2013,"featured_media":57055,"comment_status":"open","ping_status":"closed","sticky":false,"template":"","format":"standard","meta":{"footnotes":""},"categories":[241,235],"tags":[],"class_list":{"0":"post-97378","1":"post","2":"type-post","3":"status-publish","4":"format-standard","5":"has-post-thumbnail","7":"category-aktualitet","8":"category-vendi"},"_links":{"self":[{"href":"https:\/\/zjarr.tv\/sq\/wp-json\/wp\/v2\/posts\/97378","targetHints":{"allow":["GET"]}}],"collection":[{"href":"https:\/\/zjarr.tv\/sq\/wp-json\/wp\/v2\/posts"}],"about":[{"href":"https:\/\/zjarr.tv\/sq\/wp-json\/wp\/v2\/types\/post"}],"author":[{"embeddable":true,"href":"https:\/\/zjarr.tv\/sq\/wp-json\/wp\/v2\/users\/2013"}],"replies":[{"embeddable":true,"href":"https:\/\/zjarr.tv\/sq\/wp-json\/wp\/v2\/comments?post=97378"}],"version-history":[{"count":0,"href":"https:\/\/zjarr.tv\/sq\/wp-json\/wp\/v2\/posts\/97378\/revisions"}],"wp:featuredmedia":[{"embeddable":true,"href":"https:\/\/zjarr.tv\/sq\/wp-json\/wp\/v2\/media\/57055"}],"wp:attachment":[{"href":"https:\/\/zjarr.tv\/sq\/wp-json\/wp\/v2\/media?parent=97378"}],"wp:term":[{"taxonomy":"category","embeddable":true,"href":"https:\/\/zjarr.tv\/sq\/wp-json\/wp\/v2\/categories?post=97378"},{"taxonomy":"post_tag","embeddable":true,"href":"https:\/\/zjarr.tv\/sq\/wp-json\/wp\/v2\/tags?post=97378"}],"curies":[{"name":"wp","href":"https:\/\/api.w.org\/{rel}","templated":true}]}}