{"id":97418,"date":"2019-07-20T11:59:00","date_gmt":"2019-07-20T09:59:00","guid":{"rendered":"https:\/\/zjarr.tv\/?p=97418"},"modified":"2019-07-20T11:59:00","modified_gmt":"2019-07-20T09:59:00","slug":"shkrumbohet-gjate-nates-benz-i-ne-elbasan-ku-dyshon-policia","status":"publish","type":"post","link":"https:\/\/zjarr.tv\/sq\/shkrumbohet-gjate-nates-benz-i-ne-elbasan-ku-dyshon-policia\/","title":{"rendered":"Shkrumbohet gjat\u00eb nat\u00ebs \u201cBenz\u201d-i n\u00eb Elbasan, ku dyshon policia"},"content":{"rendered":"<p>Nj\u00eb automjet tip \u201cBenz\u201d \u00ebsht\u00eb shkrumbuar nga flak\u00ebt n\u00eb or\u00ebt e para t\u00eb m\u00ebngjesit t\u00eb sot\u00ebm n\u00eb Elbasan.<\/p>\n<p>Sipas burimeve jo zyrtare, automjeti q\u00eb dyshohet se u dogj q\u00ebllimisht rezulton t\u00eb jet\u00eb n\u00eb pron\u00ebsi t\u00eb Arben Brahja banues n\u00eb lagjen \u201cHekurudha\u201d.<\/p>\n<p><strong>Elbasan\/ Informacion paraprak<\/strong><\/p>\n<p>Rreth or\u00ebs 01:45, n\u00eb Elbasan, ka r\u00ebn\u00eb zjarr n\u00eb mjetit tip \u201cBenz\u201d, n\u00eb pron\u00ebsi t\u00eb shtetasit A.B., i cili ishte i parkuar n\u00eb rrug\u00eb pran\u00eb banes\u00ebs.<\/p>\n<p>Si pasoj\u00eb mjeti \u00ebsht\u00eb djegur plot\u00ebsisht.<\/p>\n<p>Nga hetimi paraprak dyshohet se zjarri \u00ebsht\u00eb i q\u00ebllimsh\u00ebm, grupi hetimor po punon p\u00ebr dokumentimin e plot\u00eb t\u00eb ngjarjes, identifikimin dhe kapjen e autorit\/\u00ebve.<\/p>\n","protected":false},"excerpt":{"rendered":"<p>Nj\u00eb automjet tip \u201cBenz\u201d \u00ebsht\u00eb shkrumbuar nga flak\u00ebt n\u00eb or\u00ebt e para t\u00eb m\u00ebngjesit t\u00eb sot\u00ebm n\u00eb Elbasan. Sipas burimeve jo zyrtare, automjeti q\u00eb dyshohet se u dogj q\u00ebllimisht rezulton t\u00eb jet\u00eb n\u00eb pron\u00ebsi t\u00eb Arben Brahja banues n\u00eb lagjen \u201cHekurudha\u201d. Elbasan\/ Informacion paraprak Rreth or\u00ebs 01:45, n\u00eb Elbasan, ka r\u00ebn\u00eb zjarr n\u00eb mjetit tip [&hellip;]<\/p>\n","protected":false},"author":4,"featured_media":97419,"comment_status":"open","ping_status":"closed","sticky":false,"template":"","format":"standard","meta":{"footnotes":""},"categories":[241,231,235],"tags":[],"class_list":{"0":"post-97418","1":"post","2":"type-post","3":"status-publish","4":"format-standard","5":"has-post-thumbnail","7":"category-aktualitet","8":"category-lajme","9":"category-vendi"},"_links":{"self":[{"href":"https:\/\/zjarr.tv\/sq\/wp-json\/wp\/v2\/posts\/97418","targetHints":{"allow":["GET"]}}],"collection":[{"href":"https:\/\/zjarr.tv\/sq\/wp-json\/wp\/v2\/posts"}],"about":[{"href":"https:\/\/zjarr.tv\/sq\/wp-json\/wp\/v2\/types\/post"}],"author":[{"embeddable":true,"href":"https:\/\/zjarr.tv\/sq\/wp-json\/wp\/v2\/users\/4"}],"replies":[{"embeddable":true,"href":"https:\/\/zjarr.tv\/sq\/wp-json\/wp\/v2\/comments?post=97418"}],"version-history":[{"count":0,"href":"https:\/\/zjarr.tv\/sq\/wp-json\/wp\/v2\/posts\/97418\/revisions"}],"wp:featuredmedia":[{"embeddable":true,"href":"https:\/\/zjarr.tv\/sq\/wp-json\/wp\/v2\/media\/97419"}],"wp:attachment":[{"href":"https:\/\/zjarr.tv\/sq\/wp-json\/wp\/v2\/media?parent=97418"}],"wp:term":[{"taxonomy":"category","embeddable":true,"href":"https:\/\/zjarr.tv\/sq\/wp-json\/wp\/v2\/categories?post=97418"},{"taxonomy":"post_tag","embeddable":true,"href":"https:\/\/zjarr.tv\/sq\/wp-json\/wp\/v2\/tags?post=97418"}],"curies":[{"name":"wp","href":"https:\/\/api.w.org\/{rel}","templated":true}]}}