{"id":97431,"date":"2019-07-20T13:03:22","date_gmt":"2019-07-20T11:03:22","guid":{"rendered":"https:\/\/zjarr.tv\/?p=97431"},"modified":"2019-07-20T13:03:22","modified_gmt":"2019-07-20T11:03:22","slug":"diplomati-i-njohur-tregon-sekretin-e-maqedonise-ata-e-rrezuan-autokracine-shqiperia-ende-jo","status":"publish","type":"post","link":"https:\/\/zjarr.tv\/sq\/diplomati-i-njohur-tregon-sekretin-e-maqedonise-ata-e-rrezuan-autokracine-shqiperia-ende-jo\/","title":{"rendered":"Diplomati i njohur tregon \u2018sekretin\u2019 e Maqedonis\u00eb: Ata e rr\u00ebzuan autokracin\u00eb, Shqip\u00ebria ende jo!"},"content":{"rendered":"<p>Edward P. Joseph \u00ebsht\u00eb nj\u00eb nga diplomat\u00ebt dhe ekspert\u00ebt m\u00eb t\u00eb njohur nd\u00ebrkomb\u00ebtar\u00eb t\u00eb politik\u00ebs s\u00eb jashtme, ve\u00e7an\u00ebrisht p\u00ebr rajonin ton\u00eb, Ballkanin Per\u00ebndimor, i cili ka sh\u00ebrbyer gjithashtu n\u00eb disa nga vendet m\u00eb t\u00eb v\u00ebshtira n\u00eb bot\u00eb.<\/p>\n<p>Edward P. Joseph kaloi mbi nj\u00eb dekad\u00eb n\u00eb Ballkan, p\u00ebrfshir\u00eb vitet e luft\u00ebs n\u00eb Bosnje, Kroaci, Kosov\u00eb dhe Maqedoni, si dhe q\u00ebndrime m\u00eb t\u00eb shkurtra n\u00eb Afganistan, Pakistan, Irak dhe Haiti. N\u00eb prill 2012, si Z\u00ebvend\u00ebs Shef i Misionit t\u00eb OSBE n\u00eb Kosov\u00eb, ai negocioi nj\u00ebmb\u00ebdhjet\u00eb or\u00eb t\u00eb r\u00ebnd\u00ebsish\u00ebm n\u00eb zgjedhjet serbe q\u00eb shmangi nj\u00eb kriz\u00eb shp\u00ebrthyese midis Serbis\u00eb dhe Kosov\u00ebs.<\/p>\n<p>Sekretarja e Shtetit, Hillary Clinton, l\u00ebshoi at\u00ebher\u00eb edhe nj\u00eb mir\u00ebnjohje me shkrim, p\u00ebr kontributin e tij.<\/p>\n<p>k\u00ebt\u00eb situat\u00eb kur Shqip\u00ebria dhe Maqedonia e Veriut po presin hapjen e negociatave me Bashkimin Evropian, Edward P. Joseph, n\u00eb nj\u00eb intervist\u00eb p\u00ebr \u2018Shekulli\u2019 ka b\u00ebr\u00eb nj\u00eb analiz\u00eb, duke i ve\u00e7uar k\u00ebto dy vende. Sipas tij, Shqip\u00ebria \u00ebsht\u00eb e pakrahasueshme n\u00eb k\u00ebt\u00eb moment me fqinjen e vet aspirues p\u00ebr n\u00eb BE. Ai thot\u00eb, se vendi yn\u00eb nuk \u00ebsht\u00eb gati p\u00ebr t\u00eb hapur negociatat dhe se Shqip\u00ebria po p\u00ebrballet me nj\u00eb prov\u00eb kritike t\u00eb demokracis\u00eb s\u00eb saj.<\/p>\n<p>\u2018Un\u00eb mendoj se situatat n\u00eb t\u00eb dy vendet nuk jan\u00eb t\u00eb krahasueshme n\u00eb k\u00ebt\u00eb moment, edhe pse ka gjurm\u00eb t\u00eb Maqedonis\u00eb Veriore n\u00eb kriz\u00ebn e tanishme politike t\u00eb Shqip\u00ebris\u00eb. \u00cbsht\u00eb ironike q\u00eb ndryshimet politike q\u00eb p\u00ebrfshin\u00eb Maqedonin\u00eb, si\u00e7 njihej m\u00eb par\u00eb, filluan me nj\u00eb skandal p\u00ebr p\u00ebrgjimin, dhe se p\u00ebrgjimet e regjistruara po luajn\u00eb gjithashtu nj\u00eb rol n\u00eb kriz\u00ebn shqiptare. Shqip\u00ebria po p\u00ebrballet me nj\u00eb prov\u00eb kritike t\u00eb demokracis\u00eb s\u00eb saj. Mbi t\u00eb gjitha, lider\u00ebt shqiptar\u00eb duhet t\u00eb mbajn\u00eb parasysh k\u00ebrkesat e popullit \u2013 dhe k\u00ebrkesave t\u00eb nj\u00eb demokracie \u2013 p\u00ebr p\u00ebrgjegj\u00ebsin\u00eb, sundimin e ligjit dhe aderimin n\u00eb rregullat zgjedhore.<\/p>\n<p>Ata q\u00eb kan\u00eb shkelur k\u00ebto rregulla duhet t\u00eb pranojn\u00eb p\u00ebrgjegj\u00ebsin\u00eb e tyre. Dhe t\u00eb gjith\u00eb aktor\u00ebt shqiptar\u00eb duhet t\u00eb mbajn\u00eb parasysh interesat e demokracis\u00eb s\u00eb vendit, n\u00eb ve\u00e7anti krizat e r\u00ebnda q\u00eb Shqip\u00ebria ka hasur n\u00eb t\u00eb kaluar\u00ebn. Ajo q\u00eb \u00ebsht\u00eb m\u00eb pak e r\u00ebnd\u00ebsishme se personalitetet, \u00ebsht\u00eb se institucionet e vendit dhe angazhimi i p\u00ebrgjithsh\u00ebm p\u00ebr sundimin e ligjit jan\u00eb forcuar tani. Maqedonia Veriore gjithashtu po p\u00ebrballet me sfida serioze, edhe pse n\u00eb nj\u00eb m\u00ebnyr\u00eb shum\u00eb ndryshe.<\/p>\n<p>Kryeministri Zaev tregoi p\u00ebr rajonin, p\u00ebrfshir\u00eb edhe Shqip\u00ebrin\u00eb, \u00e7far\u00eb vizioni dhe guximi duket si nj\u00eb udh\u00ebheq\u00ebs politik. Pas muajsh negociatash t\u00eb v\u00ebshtira, ai arriti n\u00eb nj\u00eb marr\u00ebveshje me Greqin\u00eb, se dhe nd\u00ebr t\u00eb tjera hapa t\u00eb r\u00ebnd\u00ebsish\u00ebm q\u00eb arriti t\u00eb b\u00ebnte, ishte ndryshimi i emrit t\u00eb vendit n\u00eb Maqedonin\u00eb Veriore. Kjo ishte shum\u00eb e r\u00ebnd\u00ebsishme p\u00ebr t\u00eb gjith\u00eb qytetar\u00ebt, p\u00ebrfshir\u00eb natyrisht shqiptar\u00ebt etnik\u00eb. Dhe kjo nuk ishte detyr\u00eb e leht\u00eb.<\/p>\n<p>Arritja e Marr\u00ebveshjes s\u00eb Presp\u00ebs aprovoi marr\u00ebveshje t\u00eb pap\u00ebrshtatshme politike me kund\u00ebrshtar\u00ebt. Dhe kjo dhe hapa t\u00eb tjer\u00eb kan\u00eb tronditur besimin. \u00cbsht\u00eb absolutisht e qart\u00eb se Zaev dhe Maqedonia e Veriut kan\u00eb fituar privilegjin p\u00ebr t\u00eb hapur negociatat me Bashkimin Evropian, s\u00eb bashku me marrjen e miratimit p\u00ebrfundimtar p\u00ebr pranimin n\u00eb NATO. Derisa vendet e NATO-s duket se po ecin p\u00ebrpara, BE ka hezituar.<\/p>\n<p>Ky \u00ebsht\u00eb nj\u00eb gabim serioz dhe tradhti e angazhimeve t\u00eb BE-s\u00eb p\u00ebr rajonin n\u00eb p\u00ebrgjith\u00ebsi dhe Maqedonin\u00eb e Veriut n\u00eb ve\u00e7anti. Zaev gjithashtu ka detyrimin e tij p\u00ebr t\u00eb ofruar qeverisje t\u00eb p\u00ebrgjegjshme, pavar\u00ebsisht nga veprimet e Bashkimit Evropian. Duhet t\u00eb ket\u00eb mb\u00ebshtetje t\u00eb vazhdueshme p\u00ebr institucionet si Prokurori Special. Dit\u00ebt e marr\u00ebveshjeve t\u00eb ve\u00e7anta p\u00ebr t\u00eb Marr\u00ebveshjen e Presp\u00ebs kan\u00eb p\u00ebrfunduar\u2019, b\u00ebn krahasimin ai mes vendit ton\u00eb dhe Maqedonis\u00eb s\u00eb Veriut.<\/p>\n<p>I pyetur m\u00eb konkretisht se cilat jan\u00eb \u00e7\u00ebshtja kryesore problematike q\u00eb karakterizojn\u00eb sot Shqip\u00ebrin\u00eb, Edward P. Joseph, thot\u00eb se m\u00eb emergjentja \u00ebsht\u00eb, q\u00eb vendi yn\u00eb duhet t\u00eb p\u00ebrballet me kriz\u00ebn e r\u00ebnd\u00eb aktuale politik\u00eb.<\/p>\n<p>\u2018M\u00eb e r\u00ebnd\u00ebsishmja, Shqip\u00ebria duhet t\u00eb p\u00ebrballet me kriz\u00ebn e menj\u00ebhershme politike q\u00eb ndodhet para saj. \u00cbsht\u00eb e qart\u00eb se nuk ka besim n\u00eb zgjedhje. Rruga p\u00ebr zgjedhje t\u00eb reja dhe formimi i nj\u00eb qeverie t\u00eb re dhe t\u00eb p\u00ebrgjegjshme, duhet t\u00eb b\u00ebhet n\u00ebp\u00ebrmjet respektimit t\u00eb institucioneve dhe proceseve t\u00eb vendit \u2013 pa favorizim apo paragjykim. Kjo \u00ebsht\u00eb m\u00ebnyra e vetme p\u00ebr t\u2019i dh\u00ebn\u00eb qytetar\u00ebve shqiptar\u00eb\u00a0 dhe t\u00eb huaj\u00a0 bindjen se Shqip\u00ebria \u00ebsht\u00eb nj\u00eb vend i q\u00ebndruesh\u00ebm dhe i p\u00ebrgjegjsh\u00ebm\u2019, thot\u00eb ai.<\/p>\n<p>Duke ju rikthyer krahasimit mes Shqip\u00ebris\u00eb s\u00eb Edi Ram\u00ebs dhe vendit t\u00eb drejtuar nga\u00a0 Zaev, Edward P. Joseph , thot\u00eb se Maqedonia tashm\u00eb e ka kap\u00ebrcyer kriz\u00ebn e vet\u00eb t\u00eb r\u00ebnd\u00eb politike duke rr\u00ebzuar qeverin\u00eb autokratike t\u00eb Gruevskit, kurse p\u00ebr vendin ton\u00eb nuk mund t\u00eb thuhet e nj\u00ebjta gj\u00eb.<\/p>\n<p>\u2018Duke pasur parasysh kriz\u00ebn aktuale politike, duhet t\u00eb b\u00ebjm\u00eb dallimin mes dy vendeve. Maqedonia e Veriut ka kaluar n\u00ebp\u00ebr kriz\u00ebn e saj t\u00eb r\u00ebnd\u00eb politike, duke rr\u00ebzuar qeverin\u00eb autokratike, t\u00eb korruptuar t\u00eb Gruevskit dhe duke arritur p\u00ebrparimin e v\u00ebshtir\u00eb me Greqin\u00eb. Me fjal\u00eb t\u00eb tjera, Maqedonia e Veriut ka fituar privilegjin e hapjes s\u00eb negociatave p\u00ebr pranimin n\u00eb BE. A mund t\u00eb themi t\u00eb nj\u00ebjt\u00ebn gj\u00eb p\u00ebr Shqip\u00ebrin\u00eb? Jo p\u00ebr momentin \u2013 jo derisa kriza politike t\u00eb zgjidhet n\u00eb m\u00ebnyr\u00eb t\u00eb p\u00ebrgjegjshme\u2019, analizon Edward P. Joseph.<\/p>\n<p>&nbsp;<\/p>\n","protected":false},"excerpt":{"rendered":"<p>Edward P. Joseph \u00ebsht\u00eb nj\u00eb nga diplomat\u00ebt dhe ekspert\u00ebt m\u00eb t\u00eb njohur nd\u00ebrkomb\u00ebtar\u00eb t\u00eb politik\u00ebs s\u00eb jashtme, ve\u00e7an\u00ebrisht p\u00ebr rajonin ton\u00eb, Ballkanin Per\u00ebndimor, i cili ka sh\u00ebrbyer gjithashtu n\u00eb disa nga vendet m\u00eb t\u00eb v\u00ebshtira n\u00eb bot\u00eb. Edward P. Joseph kaloi mbi nj\u00eb dekad\u00eb n\u00eb Ballkan, p\u00ebrfshir\u00eb vitet e luft\u00ebs n\u00eb Bosnje, Kroaci, Kosov\u00eb dhe [&hellip;]<\/p>\n","protected":false},"author":2013,"featured_media":97432,"comment_status":"open","ping_status":"closed","sticky":false,"template":"","format":"standard","meta":{"footnotes":""},"categories":[241,2],"tags":[],"class_list":{"0":"post-97431","1":"post","2":"type-post","3":"status-publish","4":"format-standard","5":"has-post-thumbnail","7":"category-aktualitet","8":"category-rajoni"},"_links":{"self":[{"href":"https:\/\/zjarr.tv\/sq\/wp-json\/wp\/v2\/posts\/97431","targetHints":{"allow":["GET"]}}],"collection":[{"href":"https:\/\/zjarr.tv\/sq\/wp-json\/wp\/v2\/posts"}],"about":[{"href":"https:\/\/zjarr.tv\/sq\/wp-json\/wp\/v2\/types\/post"}],"author":[{"embeddable":true,"href":"https:\/\/zjarr.tv\/sq\/wp-json\/wp\/v2\/users\/2013"}],"replies":[{"embeddable":true,"href":"https:\/\/zjarr.tv\/sq\/wp-json\/wp\/v2\/comments?post=97431"}],"version-history":[{"count":0,"href":"https:\/\/zjarr.tv\/sq\/wp-json\/wp\/v2\/posts\/97431\/revisions"}],"wp:featuredmedia":[{"embeddable":true,"href":"https:\/\/zjarr.tv\/sq\/wp-json\/wp\/v2\/media\/97432"}],"wp:attachment":[{"href":"https:\/\/zjarr.tv\/sq\/wp-json\/wp\/v2\/media?parent=97431"}],"wp:term":[{"taxonomy":"category","embeddable":true,"href":"https:\/\/zjarr.tv\/sq\/wp-json\/wp\/v2\/categories?post=97431"},{"taxonomy":"post_tag","embeddable":true,"href":"https:\/\/zjarr.tv\/sq\/wp-json\/wp\/v2\/tags?post=97431"}],"curies":[{"name":"wp","href":"https:\/\/api.w.org\/{rel}","templated":true}]}}