{"id":97435,"date":"2019-07-20T13:04:50","date_gmt":"2019-07-20T11:04:50","guid":{"rendered":"https:\/\/zjarr.tv\/?p=97435"},"modified":"2019-07-20T13:04:50","modified_gmt":"2019-07-20T11:04:50","slug":"doreheqja-e-haradinajt-vucic-e-beri-per-te-fituar-me-shume-popullaritet","status":"publish","type":"post","link":"https:\/\/zjarr.tv\/sq\/doreheqja-e-haradinajt-vucic-e-beri-per-te-fituar-me-shume-popullaritet\/","title":{"rendered":"Dor\u00ebheqja e Haradinajt, Vu\u00e7i\u00e7: E b\u00ebri p\u00ebr t\u00eb fituar m\u00eb shum\u00eb popullaritet"},"content":{"rendered":"<p>Presidenti serb Aleksander Vu\u00e7i\u00e7 ka mbajtur nj\u00eb konferenc\u00eb p\u00ebr shtyp nga selia e Presidenc\u00ebs n\u00eb Beograd. Kreu i shtetit serb ka komentuar dor\u00ebheqjen e Ramush Haradinajt, ai e ka konsideruar k\u00ebt\u00eb nj\u00eb akt si t\u00eb q\u00ebllimsh\u00ebm p\u00ebr \u2018synim t\u00eb fitoj\u00eb popullaritet\u2019.<\/p>\n<p>\u2018Ne e kuptojm\u00eb g\u00ebzimin, por mendoj\u00eb se nuk ka vend p\u00ebr t\u00eb shprehur k\u00ebnaq\u00ebsi sa i p\u00ebrket ftes\u00ebs p\u00ebr Ramush Haradinaj. Nuk mendojm\u00eb se ka arsye p\u00ebr eufori sepse ne jemi duke i v\u00ebzhguar t\u00eb gjitha faktet dhe pasojat e dor\u00ebheqjes, sidomos se si Shqiptar\u00ebt dhe komuniteti nd\u00ebrkomb\u00ebtar do ta trajtoj\u00eb serbin\u00eb dhe njer\u00ebzit e saj\u2019.<\/p>\n<p>Vu\u00e7i\u00e7 u shpreh m\u00eb tej se shteti i Serbis\u00eb do t\u00eb q\u00ebndroj\u00eb pran\u00eb qytetar\u00ebve t\u00eb saj nd\u00ebrsa shtoi se vazhdim\u00ebsia e dialogut mes Serbis\u00eb dhe Kosov\u00ebs \u00ebsht\u00eb thelb\u00ebsore.<\/p>\n<p>Dor\u00ebheqja e Ramush Haradinajt \u00ebsht\u00eb nj\u00eb mashtrim politik p\u00ebr t\u00eb fituar popullaritet, ai po p\u00ebrpiqet t\u00eb mposhti kund\u00ebrshtar\u00ebt n\u00eb Kosov\u00eb e Metohi. Parashikimet tona jan\u00eb se ai do t\u00eb lirohet pas 48 or\u00ebsh.<\/p>\n<p>Nuk them \u2018ndoshta\u2019, por po e them me siguri t\u00eb plot\u00eb, do t\u00eb kthehet si nj\u00eb hero i madh i popullit shqiptar, popullariteti i tij do t\u00eb rritet, t\u00eb gjith\u00eb do t\u00eb bien n\u00eb k\u00ebt\u00eb kurth\u2019.<\/p>\n<p>Vu\u00e7i\u00e7 vler\u00ebsoi se tarifat nuk do t\u00eb shfuqizohen dhe se pushtetet per\u00ebndimore do t\u00eb vazhdojn\u00eb t\u00eb presin, do ti b\u00ebjn\u00eb shantazh Beogradin me pretekstin se lider\u00ebt e Kosov\u00ebs po d\u00ebrgohen n\u00eb Hag\u00eb.<\/p>\n<p>Vu\u00e7i\u00e7 tha se me k\u00ebt\u00eb veprim, ai synon t\u00eb fitoj\u00eb m\u00eb tep\u00ebr popullaritet te shqiptar\u00ebt dhe t\u00eb p\u00ebrjashtoj\u00eb List\u00ebn Serbe.<\/p>\n<p>&nbsp;<\/p>\n","protected":false},"excerpt":{"rendered":"<p>Presidenti serb Aleksander Vu\u00e7i\u00e7 ka mbajtur nj\u00eb konferenc\u00eb p\u00ebr shtyp nga selia e Presidenc\u00ebs n\u00eb Beograd. Kreu i shtetit serb ka komentuar dor\u00ebheqjen e Ramush Haradinajt, ai e ka konsideruar k\u00ebt\u00eb nj\u00eb akt si t\u00eb q\u00ebllimsh\u00ebm p\u00ebr \u2018synim t\u00eb fitoj\u00eb popullaritet\u2019. \u2018Ne e kuptojm\u00eb g\u00ebzimin, por mendoj\u00eb se nuk ka vend p\u00ebr t\u00eb shprehur k\u00ebnaq\u00ebsi [&hellip;]<\/p>\n","protected":false},"author":2013,"featured_media":63073,"comment_status":"open","ping_status":"closed","sticky":false,"template":"","format":"standard","meta":{"footnotes":""},"categories":[241,2],"tags":[],"class_list":{"0":"post-97435","1":"post","2":"type-post","3":"status-publish","4":"format-standard","5":"has-post-thumbnail","7":"category-aktualitet","8":"category-rajoni"},"_links":{"self":[{"href":"https:\/\/zjarr.tv\/sq\/wp-json\/wp\/v2\/posts\/97435","targetHints":{"allow":["GET"]}}],"collection":[{"href":"https:\/\/zjarr.tv\/sq\/wp-json\/wp\/v2\/posts"}],"about":[{"href":"https:\/\/zjarr.tv\/sq\/wp-json\/wp\/v2\/types\/post"}],"author":[{"embeddable":true,"href":"https:\/\/zjarr.tv\/sq\/wp-json\/wp\/v2\/users\/2013"}],"replies":[{"embeddable":true,"href":"https:\/\/zjarr.tv\/sq\/wp-json\/wp\/v2\/comments?post=97435"}],"version-history":[{"count":0,"href":"https:\/\/zjarr.tv\/sq\/wp-json\/wp\/v2\/posts\/97435\/revisions"}],"wp:featuredmedia":[{"embeddable":true,"href":"https:\/\/zjarr.tv\/sq\/wp-json\/wp\/v2\/media\/63073"}],"wp:attachment":[{"href":"https:\/\/zjarr.tv\/sq\/wp-json\/wp\/v2\/media?parent=97435"}],"wp:term":[{"taxonomy":"category","embeddable":true,"href":"https:\/\/zjarr.tv\/sq\/wp-json\/wp\/v2\/categories?post=97435"},{"taxonomy":"post_tag","embeddable":true,"href":"https:\/\/zjarr.tv\/sq\/wp-json\/wp\/v2\/tags?post=97435"}],"curies":[{"name":"wp","href":"https:\/\/api.w.org\/{rel}","templated":true}]}}